{"id":828,"date":"2022-09-26T21:44:01","date_gmt":"2022-09-27T00:44:01","guid":{"rendered":"https:\/\/www.paparazzinews.com.br\/?p=828"},"modified":"2022-09-26T21:44:04","modified_gmt":"2022-09-27T00:44:04","slug":"palestra-da-auto-responsabilidade-ocorre-em-andradina","status":"publish","type":"post","link":"https:\/\/www.paparazzinews.com.br\/?p=828","title":{"rendered":"Palestra da auto responsabilidade ocorre em Andradina"},"content":{"rendered":"\n<p>No dia 5 de novembro (s\u00e1bado), das 9h30 \u00e0s 17h30 no audit\u00f3rio do Oeste Plaza Shopping em Andradina, acontecer\u00e1 um treinamento sobre o \u201cO poder da autorresponsabilidade\u201d. O evento abordar\u00e1 temas como: \u201cCansado da postura de v\u00edtima? Costuma reclamar de tudo? Sempre cego para as oportunidades? Percebe que nunca sai do lugar?. A informa\u00e7\u00e3o \u00e9 do Jornal o Foco.<\/p>\n\n\n\n<p>\u201cO treinamento vai tratar bem sobre a intelig\u00eancia emocional. N\u00f3s vamos trabalhar v\u00e1rios pilares da vida das pessoas, n\u00e3o s\u00f3 a intelig\u00eancia financeira, a intelig\u00eancia profissional. N\u00f3s temos onze pilares na vida, como o servir, o espiritual, o conjugal, filhos, o financeiro, sa\u00fade e a gente entende que o ser humano \u00e9 um ser integral, e durante o evento n\u00f3s vamos fazer din\u00e2micas com todo mundo, que \u00e9 um mapa, em cada um tera a oportunidade de identificar cren\u00e7as limitantes que impedem o desenvolvimento de uma vida plena. O foco estar\u00e1 em entender a import\u00e2ncia da intelig\u00eancia emocional, ou seja, a percep\u00e7\u00e3o de quem \u00e9 voc\u00ea, para se tirar a sua melhor vers\u00e3o de si e ter a percep\u00e7\u00e3o de quem s\u00e3o \u00e0s pessoas que est\u00e3o a sua volta e tirar a melhor vers\u00e3o dessas pessoas que est\u00e3o \u00e0 sua volta\u201d \u2013 comentou dr. Marcelo Zompero.<\/p>\n\n\n\n<p>Durante todo o per\u00edodo o treinamento contar\u00e1 como palestrantes, o juiz da 1\u00aa Vara da Comarca de Andradina, dr. Alexandre Rodrigues Ferreira, o delegado de Pol\u00edcia Civil, dr. Marcelo da Silva Zompero e a advogada e coach, Renata Wolff Ferreira para que os participantes encontrem seu ponto de equil\u00edbrio em diversos temas do cotidiano.<\/p>\n\n\n\n<p>\u201cA palestra tamb\u00e9m abordar\u00e1 a autorresponsabilidade. \u00c9 a certeza absoluta de voc\u00ea ter a no\u00e7\u00e3o de que voc\u00ea \u00e9 respons\u00e1vel pela vida em que voc\u00ea est\u00e1 vivendo e a\u00ed vamos explorar pontos de consci\u00eancia, trazer para a luz da consci\u00eancia quais pontos est\u00e3o negativos e precisam melhorar. \u00c9 assumir \u00e0s r\u00e9deas de sua vida, assumir o comando de sua vida. Voc\u00ea n\u00e3o est\u00e1 no controle de sua vida, pois quem controla sua vida \u00e9 Deus, quem est\u00e1 no comando de sua vida \u00e9 voc\u00ea. Por exemplo, quando voc\u00ea coloca um barco no mar, voc\u00ea est\u00e1 no controle da embarca\u00e7\u00e3o, mas voc\u00ea n\u00e3o controla a mar\u00e9, n\u00e3o controla o vento, e a intelig\u00eancia emocional est\u00e1 a\u00ed, para ensinar voc\u00ea a comandar a sua vida\u201d \u2013 acrescentou o delegado e palestrante, Marcelo Zompero.<\/p>\n\n\n\n<p>O curso \u00e9 voltado para todos os tipos de pessoas que encontram algum tipo de dificuldade de planejamento de suas a\u00e7\u00f5es, quer profissional, pessoal, familiar e etc, e o ciclo de palestrar servir\u00e1 para que os participantes encontrem seu ponto de equil\u00edbrio em suas a\u00e7\u00f5es e decis\u00f5es cotidianas. \u00c0s inscri\u00e7\u00f5es poder\u00e3o ser feitas pelo link:&nbsp;<a href=\"https:\/\/bit.ly\/RenataWolff\" target=\"_blank\" rel=\"noreferrer noopener\">https:\/\/bit.ly\/RenataWolff<\/a>&nbsp;e ter\u00e1 o custo de R$ 197,00, cujo valor ser\u00e1 para custear \u00e0s despesas de loca\u00e7\u00e3o do espa\u00e7o, material did\u00e1tico, e outras despesas para manter o treinamento.<\/p>\n","protected":false},"excerpt":{"rendered":"<p>No dia 5 de novembro (s\u00e1bado), das 9h30 \u00e0s 17h30 no audit\u00f3rio do Oeste Plaza Shopping em Andradina, acontecer\u00e1 um treinamento sobre o \u201cO poder da autorresponsabilidade\u201d. O evento abordar\u00e1 temas como: \u201cCansado da postura de v\u00edtima? Costuma reclamar de tudo? Sempre cego para as oportunidades? Percebe que nunca sai do lugar?. A informa\u00e7\u00e3o \u00e9 &hellip;<\/p>\n","protected":false},"author":1,"featured_media":829,"comment_status":"open","ping_status":"open","sticky":false,"template":"","format":"standard","meta":{"_jetpack_memberships_contains_paid_content":false,"footnotes":"","jetpack_publicize_message":"","jetpack_publicize_feature_enabled":true,"jetpack_social_post_already_shared":false,"jetpack_social_options":{"image_generator_settings":{"template":"highway","default_image_id":0,"enabled":false},"version":2}},"categories":[6],"tags":[],"class_list":["post-828","post","type-post","status-publish","format-standard","has-post-thumbnail","hentry","category-entretenimento"],"jetpack_publicize_connections":[],"jetpack_featured_media_url":"https:\/\/i0.wp.com\/www.paparazzinews.com.br\/wp-content\/uploads\/2022\/09\/image-97.png?fit=615%2C768&ssl=1","views":"3171","jetpack_likes_enabled":true,"jetpack_sharing_enabled":true,"_links":{"self":[{"href":"https:\/\/www.paparazzinews.com.br\/index.php?rest_route=\/wp\/v2\/posts\/828","targetHints":{"allow":["GET"]}}],"collection":[{"href":"https:\/\/www.paparazzinews.com.br\/index.php?rest_route=\/wp\/v2\/posts"}],"about":[{"href":"https:\/\/www.paparazzinews.com.br\/index.php?rest_route=\/wp\/v2\/types\/post"}],"author":[{"embeddable":true,"href":"https:\/\/www.paparazzinews.com.br\/index.php?rest_route=\/wp\/v2\/users\/1"}],"replies":[{"embeddable":true,"href":"https:\/\/www.paparazzinews.com.br\/index.php?rest_route=%2Fwp%2Fv2%2Fcomments&post=828"}],"version-history":[{"count":1,"href":"https:\/\/www.paparazzinews.com.br\/index.php?rest_route=\/wp\/v2\/posts\/828\/revisions"}],"predecessor-version":[{"id":830,"href":"https:\/\/www.paparazzinews.com.br\/index.php?rest_route=\/wp\/v2\/posts\/828\/revisions\/830"}],"wp:featuredmedia":[{"embeddable":true,"href":"https:\/\/www.paparazzinews.com.br\/index.php?rest_route=\/wp\/v2\/media\/829"}],"wp:attachment":[{"href":"https:\/\/www.paparazzinews.com.br\/index.php?rest_route=%2Fwp%2Fv2%2Fmedia&parent=828"}],"wp:term":[{"taxonomy":"category","embeddable":true,"href":"https:\/\/www.paparazzinews.com.br\/index.php?rest_route=%2Fwp%2Fv2%2Fcategories&post=828"},{"taxonomy":"post_tag","embeddable":true,"href":"https:\/\/www.paparazzinews.com.br\/index.php?rest_route=%2Fwp%2Fv2%2Ftags&post=828"}],"curies":[{"name":"wp","href":"https:\/\/api.w.org\/{rel}","templated":true}]}}