{"id":8256,"date":"2024-02-22T08:39:54","date_gmt":"2024-02-22T11:39:54","guid":{"rendered":"https:\/\/www.paparazzinews.com.br\/?p=8256"},"modified":"2024-02-22T08:39:55","modified_gmt":"2024-02-22T11:39:55","slug":"sai-condenacao-de-daniel-alves-pena-e-de-quase-5-anos-por-estupro","status":"publish","type":"post","link":"https:\/\/www.paparazzinews.com.br\/?p=8256","title":{"rendered":"SAI CONDENA\u00c7\u00c3O DE DANIEL ALVES: Pena \u00e9 de quase 5 anos por estupro"},"content":{"rendered":"\n<p>Daniel Alves foi condenado a quatro anos e seis meses de pris\u00e3o, nesta quinta-feira, por agress\u00e3o sexual a uma mulher de 23 anos em Barcelona, na Espanha, em 2022. O an\u00fancio da pena acontece duas semanas depois do julgamento, que durou tr\u00eas dias no Tribunal de Barcelona e foi presidido pela ju\u00edza Isabel Delgado P\u00e9rez. Preso h\u00e1 13 meses, o jogador, que alega inoc\u00eancia, j\u00e1 cumpre a pena. A informa\u00e7\u00e3o \u00e9 do Estad\u00e3o Conte\u00fado.<br><br>A acusa\u00e7\u00e3o pedia que Daniel Alves fosse condenado a 12 anos, enquanto a pedida do Minist\u00e9rio P\u00fablico indicava nove. Era esperado, uma puni\u00e7\u00e3o de, no m\u00e1ximo, seis anos de reclus\u00e3o. O motivo do abatimento da pena foi o pagamento da defesa \u00e0 Justi\u00e7a, ainda no in\u00edcio do processo, para uma indeniza\u00e7\u00e3o de 150 mil euros (cerca de R$ 800 mil) \u00e0 jovem v\u00edtima do crime. Daniel Alves recebeu o valor para pagar a multa na Justi\u00e7a de Neymar da Silva Santos, pai do jogador da sele\u00e7\u00e3o brasileira e do Al-Hilal.<\/p>\n\n\n\n<p>Reduzir a pena era uma decis\u00e3o questionada pela acusa\u00e7\u00e3o. O Minist\u00e9rio P\u00fablico indicava, ainda, dez anos de liberdade vigiada ap\u00f3s o cumprimento da pena em c\u00e1rcere, e que ele seja proibido de se aproximar ou comunicar com a v\u00edtima pelo mesmo per\u00edodo quando for solto.<\/p>\n\n\n\n<p><strong>O TEMPO DE PRIS\u00c3O DE DANIEL ALVES VAI DIMINUIR?<\/strong><\/p>\n\n\n\n<p>Os 13 meses de pris\u00e3o preventiva do brasileiro j\u00e1 contam como parte da pena agora. Esse per\u00edodo \u00e9 abatido da puni\u00e7\u00e3o definida em julgamento. O mecanismo \u00e9 semelhante \u00e0 legisla\u00e7\u00e3o brasileira. &#8220;Diante da condena\u00e7\u00e3o, deve-se abater na pena privativa de liberdade o per\u00edodo da pris\u00e3o preventiva. Isso ocorre porque a pris\u00e3o preventiva \u00e9 uma medida cautelar e n\u00e3o uma forma de puni\u00e7\u00e3o em si&#8221;, explica Ceres Rabelo, advogada especialista em Direito Processual Penal.<\/p>\n\n\n\n<p>A transi\u00e7\u00e3o de regime tamb\u00e9m se assemelha ao Brasil. Mesmo que Daniel Alves continue em regime fechado, \u00e9 poss\u00edvel que ele consiga mudan\u00e7as conforme o tempo passe. Isso depende de n\u00e3o haver novas puni\u00e7\u00f5es durante o per\u00edodo de reclus\u00e3o, o chamado &#8220;bom comportamento&#8221;. &#8220;O plano de cumprimento de pena \u00e9 progressivo. Com o cumprimento da pena sem puni\u00e7\u00f5es, o condenado vai fazendo jus \u00e0 progress\u00e3o para regimes mais brandos, como o semiaberto ou o aberto&#8221;, detalha Rafael Paiva, advogado criminalista especializado em viol\u00eancia dom\u00e9stica.<\/p>\n\n\n\n<p>Ceres Rabelo, no entanto, lembra que, para haver transi\u00e7\u00e3o de regime, \u00e9 necess\u00e1rio um cumprimento m\u00ednimo de parte da pena. &#8220;Condenado, se a pena for superar cinco anos (ela \u00e9 de quatro anos e seis meses), a progress\u00e3o \u00e9 autorizada apenas ap\u00f3s o cumprimento da metade da condena\u00e7\u00e3o&#8221;, aponta.<\/p>\n\n\n\n<p><strong>COMO E QUANDO DANIEL ALVES TER\u00c1 DIREITO A DEIXAR A PRIS\u00c3O?<\/strong><\/p>\n\n\n\n<p>As sa\u00eddas tempor\u00e1rias de presos em feriados e datas comemorativas \u00e9 algo pol\u00eamico e foi alvo de debate recente pelo Poder Legislativo brasileiro. No caso da Espanha, onde Daniel Alves est\u00e1 preso, as chamadas &#8220;saidinhas&#8221; em datas espec\u00edficas n\u00e3o existem.<\/p>\n\n\n\n<p>H\u00e1 libera\u00e7\u00f5es em casos extraordin\u00e1rios, mas \u00e9 preciso comprovar \u00e0 Justi\u00e7a. &#8220;As sa\u00eddas tempor\u00e1rias na Espanha, especificamente, s\u00f3 acontecem em casos de morte, doen\u00e7a grave dos pais, dos filhos, irm\u00e3os ou de pessoas estreitamente ligadas aos detentos, nascimento de filho&#8230; motivos que devem ser comprovados&#8221;, diz Ceres. Nesses casos, o per\u00edodo m\u00e1ximo de libera\u00e7\u00e3o \u00e9 de sete dias e com supervis\u00e3o.<\/p>\n\n\n\n<p><strong>COMO A PENA FOI DEFINIDA?<\/strong><\/p>\n\n\n\n<p>O tribunal considerou que ficou claro que a v\u00edtima n\u00e3o consentiu ao ato e que existem elementos, al\u00e9m do testemunho da mulher, para ser comprada a agress\u00e3o. Segundo a an\u00e1lise da senten\u00e7a, foi considerado que Daniel Alves &#8220;capturou bruscamente a denunciante, a tirou do ch\u00e3o e evitou que ela pudesse se mover&#8221;, como parte da agress\u00e3o sexual. A senten\u00e7a enfatiza a falta de consentimento da mulher.<\/p>\n\n\n\n<p>Ao longo do per\u00edodo detido, Daniel Alves mudou sua vers\u00e3o sobre o caso por diversas vezes, trocou de defesa e teve tr\u00eas pedidos de liberdade provis\u00f3ria negados, com a Justi\u00e7a citando risco de fuga. Recentemente, foi noticiado que Daniel Alves foi acusado por um colega de cela de planejar uma fuga para o Brasil. Seu estado emocional &#8220;deprimido e desanimado&#8221; tamb\u00e9m fizeram a pris\u00e3o onde ele est\u00e1 detido acionar um protocolo antissuic\u00eddio.<\/p>\n\n\n\n<p><strong><em><strong><em><strong>Siga nossas redes sociais no\u00a0<a href=\"https:\/\/www.instagram.com\/ronipaparazzi\/\">Instagram\u00a0<\/a>e\u00a0<a href=\"https:\/\/www.facebook.com\/ronipaparazzicomvoce\">Facebook<\/a>\u00a0participe da nossa comunidade do Canal Roni Paparazzi no Whatsapp e receba as principais not\u00edcias do dia direto no seu celular.<\/strong>\u00a0<a href=\"https:\/\/chat.whatsapp.com\/GsG1XKo0jPOEfjzudWQcml\" target=\"_blank\" rel=\"noreferrer noopener\">\u00a0Clique aqui e se inscreva.<\/a><\/em><\/strong><\/em><\/strong><\/p>\n\n\n\n<p><a href=\"https:\/\/www.paparazzinews.com.br\/wp-admin\/post.php?post=8250&amp;action=edit\"><\/a><\/p>\n","protected":false},"excerpt":{"rendered":"<p>Daniel Alves foi condenado a quatro anos e seis meses de pris\u00e3o, nesta quinta-feira, por agress\u00e3o sexual a uma mulher de 23 anos em Barcelona, na Espanha, em 2022. O an\u00fancio da pena acontece duas semanas depois do julgamento, que durou tr\u00eas dias no Tribunal de Barcelona e foi presidido pela ju\u00edza Isabel Delgado P\u00e9rez. &hellip;<\/p>\n","protected":false},"author":1,"featured_media":8257,"comment_status":"open","ping_status":"open","sticky":false,"template":"","format":"standard","meta":{"_jetpack_memberships_contains_paid_content":false,"footnotes":"","jetpack_publicize_message":"","jetpack_publicize_feature_enabled":true,"jetpack_social_post_already_shared":false,"jetpack_social_options":{"image_generator_settings":{"template":"highway","default_image_id":0,"enabled":false},"version":2}},"categories":[3],"tags":[],"class_list":["post-8256","post","type-post","status-publish","format-standard","has-post-thumbnail","hentry","category-policial"],"jetpack_publicize_connections":[],"jetpack_featured_media_url":"https:\/\/i0.wp.com\/www.paparazzinews.com.br\/wp-content\/uploads\/2024\/02\/daniel-alves-condenado-como-o-jogador-deve-cumprir-a-pena-de-4-anos-e-6-meses-na-espanha-220224_082954.jpg?fit=600%2C486&ssl=1","views":"2772","jetpack_likes_enabled":true,"jetpack_sharing_enabled":true,"_links":{"self":[{"href":"https:\/\/www.paparazzinews.com.br\/index.php?rest_route=\/wp\/v2\/posts\/8256","targetHints":{"allow":["GET"]}}],"collection":[{"href":"https:\/\/www.paparazzinews.com.br\/index.php?rest_route=\/wp\/v2\/posts"}],"about":[{"href":"https:\/\/www.paparazzinews.com.br\/index.php?rest_route=\/wp\/v2\/types\/post"}],"author":[{"embeddable":true,"href":"https:\/\/www.paparazzinews.com.br\/index.php?rest_route=\/wp\/v2\/users\/1"}],"replies":[{"embeddable":true,"href":"https:\/\/www.paparazzinews.com.br\/index.php?rest_route=%2Fwp%2Fv2%2Fcomments&post=8256"}],"version-history":[{"count":1,"href":"https:\/\/www.paparazzinews.com.br\/index.php?rest_route=\/wp\/v2\/posts\/8256\/revisions"}],"predecessor-version":[{"id":8258,"href":"https:\/\/www.paparazzinews.com.br\/index.php?rest_route=\/wp\/v2\/posts\/8256\/revisions\/8258"}],"wp:featuredmedia":[{"embeddable":true,"href":"https:\/\/www.paparazzinews.com.br\/index.php?rest_route=\/wp\/v2\/media\/8257"}],"wp:attachment":[{"href":"https:\/\/www.paparazzinews.com.br\/index.php?rest_route=%2Fwp%2Fv2%2Fmedia&parent=8256"}],"wp:term":[{"taxonomy":"category","embeddable":true,"href":"https:\/\/www.paparazzinews.com.br\/index.php?rest_route=%2Fwp%2Fv2%2Fcategories&post=8256"},{"taxonomy":"post_tag","embeddable":true,"href":"https:\/\/www.paparazzinews.com.br\/index.php?rest_route=%2Fwp%2Fv2%2Ftags&post=8256"}],"curies":[{"name":"wp","href":"https:\/\/api.w.org\/{rel}","templated":true}]}}