{"id":825,"date":"2022-09-26T21:06:25","date_gmt":"2022-09-27T00:06:25","guid":{"rendered":"https:\/\/www.paparazzinews.com.br\/?p=825"},"modified":"2022-09-26T21:06:27","modified_gmt":"2022-09-27T00:06:27","slug":"simposio-da-valorizacao-da-vida-chamou-atencao-em-castilho","status":"publish","type":"post","link":"https:\/\/www.paparazzinews.com.br\/?p=825","title":{"rendered":"Simp\u00f3sio da &#8220;Valoriza\u00e7\u00e3o da Vida&#8221; chamou aten\u00e7\u00e3o em Castilho"},"content":{"rendered":"\n<p>Um p\u00fablico estimado em 350 pessoas compareceu ao anfiteatro do CIEC na manh\u00e3 de sexta-feira passada (23) para participar do I Simp\u00f3sio Municipal focado em Sa\u00fade Mental e Preven\u00e7\u00e3o ao Suic\u00eddio. Para falar sobre o tema, a programa\u00e7\u00e3o conduzida em conjunto pelas Secretarias de Educa\u00e7\u00e3o, Cultura e Desporto, Assist\u00eancia Social e Cidadania, Fundo Social de Solidariedade e Sa\u00fade e Vigil\u00e2ncia Epidemiol\u00f3gica, trouxe ao Castilho cinco palestrantes que abordaram o assunto de diferentes pontos de vista, mas todos destacando a aten\u00e7\u00e3o necess\u00e1ria que as pessoas pr\u00f3ximas devem ter a comportamentos e atitudes cotidianas que podem indicar o risco de algu\u00e9m ceifar a pr\u00f3pria vida.<\/p>\n\n\n\n<p><br>A principal fala neste sentido foi da psiquiatra Priscila Raquel Salom\u00e3o de Oliveira Neves, especializada na \u00e1rea pela Associa\u00e7\u00e3o Brasileira de Psiquiatria. Ela apontou os principais fatores associados ao suic\u00eddio no Brasil, sempre lembrando que o olhar atento daqueles que convivem com estas pessoas em situa\u00e7\u00e3o de risco, pode ajudar a salv\u00e1-las.<\/p>\n\n\n\n<p><br>Depois dela foi a vez do delegado da DISE de Andradina, Marcelo da Silva Zompero, que ressaltou principalmente a necessidade de \u201cfalar sobre o problema e escutar atentamente\u201d aqueles que estejam passando por dificuldades potencializadoras de um poss\u00edvel suic\u00eddio. \u201cNuma sociedade onde \u00e9 mais f\u00e1cil conversar com as pessoas atrav\u00e9s de mensagens e \u00e1udios de celular, isso se tornou um grande desafio. Estamos cada vez mais conectados e, ao mesmo tempo, emocionalmente afastados daqueles para os quais dever\u00edamos estar mais presentes\u201d, alertou.<\/p>\n\n\n\n<p><br>Representando o CVV (Centro de Valoriza\u00e7\u00e3o da Vida) de Andradina, o advogado e professor S\u00e9rgio Nunes refor\u00e7ou as palavras de Zompero, falando sobre a import\u00e2ncia da escuta ativa e destacando o papel preventivo desempenhado pelo CVV em toda a regi\u00e3o. Ele tamb\u00e9m aproveitou para explicar o perfil de um volunt\u00e1rio do grupo e como os interessados podem fazer para receber treinamento e atuar no atendimento daqueles que recorrem ao CVV em busca de apoio emocional.<\/p>\n\n\n\n<p><br>A quarta palestrante do dia foi a dirigente regional de Educa\u00e7\u00e3o, Sel\u00eania Silvia Witter de Melo, que apresentou uma abordagem focada no contexto educacional, ressaltando que todo o corpo escolar deve estar atento a sinais motivadores, como o bullying, falta de estrutura familiar, baixa aceita\u00e7\u00e3o do indiv\u00edduo em grupos e automutila\u00e7\u00e3o, por exemplo. Segundo ela, o educador precisa desenvolver essa percep\u00e7\u00e3o agu\u00e7ada para orientar os estudantes e encaminh\u00e1-los para atendimento especializado quando necess\u00e1rio.<br>Encerrando o ciclo de palestras, o Padre Paulo S\u00e9rgio Martins, da par\u00f3quia S\u00e3o Jos\u00e9, de Castilho, tratou o assunto sob o ponto de vista filos\u00f3fico e religioso, destacando que at\u00e9 mesmo Jesus passou por v\u00e1rios momentos de crise emocional e soube pedir ajuda sempre que necess\u00e1rio.<\/p>\n\n\n\n<p><strong>PARTICIPA\u00c7\u00c3O POPULAR<\/strong> &#8211; No decorrer das palestras, os participantes puderam anotar suas d\u00favidas sobre os temas abordados e encaminh\u00e1-las aos mediadores Sidnei Ferreira e Emilene Zaguetti, que as direcionaram aos palestrantes durante um breve debate final sobre o tema.<\/p>\n\n\n\n<p><br>Bastante elogiado pela iniciativa de abordar o tema com toda a sociedade e pela escolha de cada um dos palestrantes, o prefeito Paulo Boaventura aproveitou para anunciar que a Prefeitura j\u00e1 est\u00e1 estruturando o espa\u00e7o que ser\u00e1 destinado ao Poupa Tempo de Castilho, reservando tamb\u00e9m uma sala para que o CVV possa se instalar e desenvolver suas a\u00e7\u00f5es preventivas dentro do pr\u00f3prio munic\u00edpio. Outra importante a\u00e7\u00e3o anunciada pelo Chefe do Executivo Municipal \u00e9 a instala\u00e7\u00e3o do CAPS &#8211; Centro de Aten\u00e7\u00e3o Psicossocial, cuja planta est\u00e1 passando pelos \u00faltimos ajustes para in\u00edcio da constru\u00e7\u00e3o.<\/p>\n\n\n\n<p><br>\u201cEstas s\u00e3o ferramentas importantes para auxiliar este trabalho que j\u00e1 \u00e9 desenvolvido hoje em v\u00e1rias esferas de nosso Governo, mas cuja efici\u00eancia ser\u00e1 ainda maior com estas duas novas ferramentas de atendimento \u00e0 popula\u00e7\u00e3o. Esta Administra\u00e7\u00e3o tem sim, essa preocupa\u00e7\u00e3o e sensibilidade quanto \u00e0 necessidade de Valoriza\u00e7\u00e3o da Vida\u201d, afirmou Boaventura em meio a muitas palmas de todos os presentes.<\/p>\n\n\n\n<p><br>O I Simp\u00f3sio Municipal sobre \u201cValoriza\u00e7\u00e3o da Vida\u201d contou com a presen\u00e7a de profissionais de Sa\u00fade de todas as \u00e1reas, do Hospital, do Asilo Betel, equipes t\u00e9cnicas da Assist\u00eancia Social, Conselho Tutelar, dirigentes, coordenadores, educadores e alunos das redes municipal e estadual de ensino, Vereadores, imprensa e popula\u00e7\u00e3o interessada no assunto.<\/p>\n\n\n\n<p><br>O Simp\u00f3sio de sexta passada foi mais uma das v\u00e1rias a\u00e7\u00f5es desenvolvidas pelo Munic\u00edpio de Castilho neste m\u00eas dedicado especialmente \u00e0 Preven\u00e7\u00e3o do Suic\u00eddio e de Valoriza\u00e7\u00e3o da Vida.<\/p>\n","protected":false},"excerpt":{"rendered":"<p>Um p\u00fablico estimado em 350 pessoas compareceu ao anfiteatro do CIEC na manh\u00e3 de sexta-feira passada (23) para participar do I Simp\u00f3sio Municipal focado em Sa\u00fade Mental e Preven\u00e7\u00e3o ao Suic\u00eddio. Para falar sobre o tema, a programa\u00e7\u00e3o conduzida em conjunto pelas Secretarias de Educa\u00e7\u00e3o, Cultura e Desporto, Assist\u00eancia Social e Cidadania, Fundo Social de &hellip;<\/p>\n","protected":false},"author":1,"featured_media":826,"comment_status":"open","ping_status":"open","sticky":false,"template":"","format":"standard","meta":{"_jetpack_memberships_contains_paid_content":false,"footnotes":"","jetpack_publicize_message":"","jetpack_publicize_feature_enabled":true,"jetpack_social_post_already_shared":false,"jetpack_social_options":{"image_generator_settings":{"template":"highway","default_image_id":0,"enabled":false},"version":2}},"categories":[4],"tags":[],"class_list":["post-825","post","type-post","status-publish","format-standard","has-post-thumbnail","hentry","category-regiao"],"jetpack_publicize_connections":[],"jetpack_featured_media_url":"https:\/\/i0.wp.com\/www.paparazzinews.com.br\/wp-content\/uploads\/2022\/09\/ffa09f34-e789-4e5e-a030-de09e0877b0e-e1664237173817.jpg?fit=1000%2C450&ssl=1","views":"3014","jetpack_likes_enabled":true,"jetpack_sharing_enabled":true,"_links":{"self":[{"href":"https:\/\/www.paparazzinews.com.br\/index.php?rest_route=\/wp\/v2\/posts\/825","targetHints":{"allow":["GET"]}}],"collection":[{"href":"https:\/\/www.paparazzinews.com.br\/index.php?rest_route=\/wp\/v2\/posts"}],"about":[{"href":"https:\/\/www.paparazzinews.com.br\/index.php?rest_route=\/wp\/v2\/types\/post"}],"author":[{"embeddable":true,"href":"https:\/\/www.paparazzinews.com.br\/index.php?rest_route=\/wp\/v2\/users\/1"}],"replies":[{"embeddable":true,"href":"https:\/\/www.paparazzinews.com.br\/index.php?rest_route=%2Fwp%2Fv2%2Fcomments&post=825"}],"version-history":[{"count":1,"href":"https:\/\/www.paparazzinews.com.br\/index.php?rest_route=\/wp\/v2\/posts\/825\/revisions"}],"predecessor-version":[{"id":827,"href":"https:\/\/www.paparazzinews.com.br\/index.php?rest_route=\/wp\/v2\/posts\/825\/revisions\/827"}],"wp:featuredmedia":[{"embeddable":true,"href":"https:\/\/www.paparazzinews.com.br\/index.php?rest_route=\/wp\/v2\/media\/826"}],"wp:attachment":[{"href":"https:\/\/www.paparazzinews.com.br\/index.php?rest_route=%2Fwp%2Fv2%2Fmedia&parent=825"}],"wp:term":[{"taxonomy":"category","embeddable":true,"href":"https:\/\/www.paparazzinews.com.br\/index.php?rest_route=%2Fwp%2Fv2%2Fcategories&post=825"},{"taxonomy":"post_tag","embeddable":true,"href":"https:\/\/www.paparazzinews.com.br\/index.php?rest_route=%2Fwp%2Fv2%2Ftags&post=825"}],"curies":[{"name":"wp","href":"https:\/\/api.w.org\/{rel}","templated":true}]}}