{"id":8247,"date":"2024-02-22T08:25:31","date_gmt":"2024-02-22T11:25:31","guid":{"rendered":"https:\/\/www.paparazzinews.com.br\/?p=8247"},"modified":"2024-02-22T08:25:32","modified_gmt":"2024-02-22T11:25:32","slug":"fiscalizacao-van-da-saude-que-leva-pacientes-com-cancer-e-multada-pela-policia-esta-com-documento-vencido-e-o-pneu-careca","status":"publish","type":"post","link":"https:\/\/www.paparazzinews.com.br\/?p=8247","title":{"rendered":"FISCALIZA\u00c7\u00c3O: Van da Sa\u00fade que leva pacientes com c\u00e2ncer \u00e9 multada pela pol\u00edcia, est\u00e1 com documento vencido e o pneu careca"},"content":{"rendered":"\n<p>A Pol\u00edcia Militar Rodovi\u00e1ria autuou na manh\u00e3 desta&nbsp;quarta-feira (21), uma van da Secretaria de Sa\u00fade de Auriflama (SP) por mau estado de conserva\u00e7\u00e3o. O ve\u00edculo levava pacientes com c\u00e2ncer para tratamento no Hospital de Barretos (SP). Segundo a PM, a van foi parada na base de S\u00e3o Jos\u00e9 do Rio Preto (SP) e estava com os documentos vencidos e os pneus carecas.<br><br>Mesmo com as irregularidades, os policiais liberaram o ve\u00edculo para seguir viagem, para que nenhum paciente tivesse o tratamento prejudicado. A Prefeitura de Auriflama divulgou uma nota informando que iniciou um processo administrativo para apurar as responsabilidades pela falha e que n\u00e3o vai tolerar esse tipo de erro.<\/p>\n\n\n\n<p><strong><em><strong><em><strong>Siga nossas redes sociais no\u00a0<a href=\"https:\/\/www.instagram.com\/ronipaparazzi\/\">Instagram\u00a0<\/a>e\u00a0<a href=\"https:\/\/www.facebook.com\/ronipaparazzicomvoce\">Facebook<\/a>\u00a0participe da nossa comunidade do Canal Roni Paparazzi no Whatsapp e receba as principais not\u00edcias do dia direto no seu celular.<\/strong>\u00a0<a href=\"https:\/\/chat.whatsapp.com\/GsG1XKo0jPOEfjzudWQcml\" target=\"_blank\" rel=\"noreferrer noopener\">\u00a0Clique aqui e se inscreva.<\/a><\/em><\/strong><\/em><\/strong><\/p>\n","protected":false},"excerpt":{"rendered":"<p>A Pol\u00edcia Militar Rodovi\u00e1ria autuou na manh\u00e3 desta&nbsp;quarta-feira (21), uma van da Secretaria de Sa\u00fade de Auriflama (SP) por mau estado de conserva\u00e7\u00e3o. O ve\u00edculo levava pacientes com c\u00e2ncer para tratamento no Hospital de Barretos (SP). Segundo a PM, a van foi parada na base de S\u00e3o Jos\u00e9 do Rio Preto (SP) e estava com &hellip;<\/p>\n","protected":false},"author":1,"featured_media":8248,"comment_status":"open","ping_status":"open","sticky":false,"template":"","format":"standard","meta":{"_jetpack_memberships_contains_paid_content":false,"footnotes":"","jetpack_publicize_message":"","jetpack_publicize_feature_enabled":true,"jetpack_social_post_already_shared":false,"jetpack_social_options":{"image_generator_settings":{"template":"highway","default_image_id":0,"enabled":false},"version":2}},"categories":[3],"tags":[],"class_list":["post-8247","post","type-post","status-publish","format-standard","has-post-thumbnail","hentry","category-policial"],"jetpack_publicize_connections":[],"jetpack_featured_media_url":"https:\/\/i0.wp.com\/www.paparazzinews.com.br\/wp-content\/uploads\/2024\/02\/van-da-secretaria-de-saude-de-auriflama-e-autuada-por-mau-estado-de-conservacao-210224_024203.jpg?fit=600%2C536&ssl=1","views":"3052","jetpack_likes_enabled":true,"jetpack_sharing_enabled":true,"_links":{"self":[{"href":"https:\/\/www.paparazzinews.com.br\/index.php?rest_route=\/wp\/v2\/posts\/8247","targetHints":{"allow":["GET"]}}],"collection":[{"href":"https:\/\/www.paparazzinews.com.br\/index.php?rest_route=\/wp\/v2\/posts"}],"about":[{"href":"https:\/\/www.paparazzinews.com.br\/index.php?rest_route=\/wp\/v2\/types\/post"}],"author":[{"embeddable":true,"href":"https:\/\/www.paparazzinews.com.br\/index.php?rest_route=\/wp\/v2\/users\/1"}],"replies":[{"embeddable":true,"href":"https:\/\/www.paparazzinews.com.br\/index.php?rest_route=%2Fwp%2Fv2%2Fcomments&post=8247"}],"version-history":[{"count":1,"href":"https:\/\/www.paparazzinews.com.br\/index.php?rest_route=\/wp\/v2\/posts\/8247\/revisions"}],"predecessor-version":[{"id":8249,"href":"https:\/\/www.paparazzinews.com.br\/index.php?rest_route=\/wp\/v2\/posts\/8247\/revisions\/8249"}],"wp:featuredmedia":[{"embeddable":true,"href":"https:\/\/www.paparazzinews.com.br\/index.php?rest_route=\/wp\/v2\/media\/8248"}],"wp:attachment":[{"href":"https:\/\/www.paparazzinews.com.br\/index.php?rest_route=%2Fwp%2Fv2%2Fmedia&parent=8247"}],"wp:term":[{"taxonomy":"category","embeddable":true,"href":"https:\/\/www.paparazzinews.com.br\/index.php?rest_route=%2Fwp%2Fv2%2Fcategories&post=8247"},{"taxonomy":"post_tag","embeddable":true,"href":"https:\/\/www.paparazzinews.com.br\/index.php?rest_route=%2Fwp%2Fv2%2Ftags&post=8247"}],"curies":[{"name":"wp","href":"https:\/\/api.w.org\/{rel}","templated":true}]}}