{"id":8211,"date":"2024-02-19T17:15:18","date_gmt":"2024-02-19T20:15:18","guid":{"rendered":"https:\/\/www.paparazzinews.com.br\/?p=8211"},"modified":"2024-02-19T17:15:19","modified_gmt":"2024-02-19T20:15:19","slug":"novo-quartel-avaliado-em-25-milhoes-bombeiros-anuncia-nova-conquista-para-tropa","status":"publish","type":"post","link":"https:\/\/www.paparazzinews.com.br\/?p=8211","title":{"rendered":"NOVO QUARTEL AVALIADO EM 2,5 MILH\u00d5ES: Bombeiros anuncia nova conquista para tropa"},"content":{"rendered":"\n<p>O comandante do sub grupamento do Corpo de Bombeiros da Regional de Andradina, Capit\u00e3o Maximiliano Sales Spessoto esteve no gabinete do prefeito de Andradina, M\u00e1rio Celso Lopes para anunciar a confirma\u00e7\u00e3o de uma nova e moderna sede para o Corpo de Bombeiros na cidade.<\/p>\n\n\n\n<p>A visita oficial que tamb\u00e9m contou com a participa\u00e7\u00e3o do Tenente, Paulo Eduardo Belina e do ex-subsecret\u00e1rio de Seguran\u00e7a P\u00fablica Andr\u00e9 Luiz de Lima Augusto, tamb\u00e9m anunciou o valor a ser investido, aproximadamente R$ 2,5 milh\u00f5es.<\/p>\n\n\n\n<p>H\u00e1 d\u00e9cadas a sede dos bombeiros de Andradina \u00e9 adaptada nos antigos alojamentos do Andradina Futebol Clube em \u00e1rea entre o Gin\u00e1sio de Esportes Dr Curiango, o Est\u00e1dio Municipal Evandro Brembatti Calvoso e o Andradina T\u00eanis Clube. Agora a fase \u00e9 de defini\u00e7\u00e3o de uma nova \u00e1rea para a constru\u00e7\u00e3o.<\/p>\n\n\n\n<p>A nova sede \u00e9 um sonho antigo e faz parte dos planos para que este seja o melhor e maior quartel de nossa regi\u00e3o.<\/p>\n\n\n\n<p>\u201cA iniciativa ter\u00e1 o nosso total apoio. Est\u00e1 mais do que na hora de nossos bombeiros, verdadeiros her\u00f3is, terem o espa\u00e7o e o conforto merecido, por tudo que fazem para a popula\u00e7\u00e3o n\u00e3o s\u00f3 de Andradina mas de muitas outras cidades\u201d, destacou o prefeito M\u00e1rio Celso.<\/p>\n\n\n\n<p>O capit\u00e3o Spessoto voltou a colocar seu efetivo \u00e0 disposi\u00e7\u00e3o do prefeito e da municipalidade, no que diz respeito a seguran\u00e7a da popula\u00e7\u00e3o.<\/p>\n\n\n\n<p>A parceria entre os bombeiros e o munic\u00edpio vai al\u00e9m e est\u00e1 consolidada atrav\u00e9s da Atividade Delegada que utiliza a for\u00e7a de trabalho dos bombeiros para atendimentos ao p\u00fablico no \u00e2mbito do munic\u00edpio.<\/p>\n\n\n\n<p><strong><em><strong><em><strong>Siga nossas redes sociais no&nbsp;<a href=\"https:\/\/www.instagram.com\/ronipaparazzi\/\">Instagram&nbsp;<\/a>e&nbsp;<a href=\"https:\/\/www.facebook.com\/ronipaparazzicomvoce\">Facebook<\/a>&nbsp;participe da nossa comunidade do Canal Roni Paparazzi no Whatsapp e receba as principais not\u00edcias do dia direto no seu celular.<\/strong>&nbsp;<a href=\"https:\/\/chat.whatsapp.com\/GsG1XKo0jPOEfjzudWQcml\" target=\"_blank\" rel=\"noreferrer noopener\">&nbsp;Clique aqui e se inscreva.<\/a><\/em><\/strong><\/em><\/strong><\/p>\n\n\n\n<p><a href=\"https:\/\/www.paparazzinews.com.br\/wp-admin\/post.php?post=8208&amp;action=edit\"><\/a><\/p>\n","protected":false},"excerpt":{"rendered":"<p>O comandante do sub grupamento do Corpo de Bombeiros da Regional de Andradina, Capit\u00e3o Maximiliano Sales Spessoto esteve no gabinete do prefeito de Andradina, M\u00e1rio Celso Lopes para anunciar a confirma\u00e7\u00e3o de uma nova e moderna sede para o Corpo de Bombeiros na cidade. A visita oficial que tamb\u00e9m contou com a participa\u00e7\u00e3o do Tenente, &hellip;<\/p>\n","protected":false},"author":1,"featured_media":8212,"comment_status":"open","ping_status":"open","sticky":false,"template":"","format":"standard","meta":{"_jetpack_memberships_contains_paid_content":false,"footnotes":"","jetpack_publicize_message":"","jetpack_publicize_feature_enabled":true,"jetpack_social_post_already_shared":false,"jetpack_social_options":{"image_generator_settings":{"template":"highway","default_image_id":0,"enabled":false},"version":2}},"categories":[4],"tags":[],"class_list":["post-8211","post","type-post","status-publish","format-standard","has-post-thumbnail","hentry","category-regiao"],"jetpack_publicize_connections":[],"jetpack_featured_media_url":"https:\/\/i0.wp.com\/www.paparazzinews.com.br\/wp-content\/uploads\/2024\/02\/f8f3797e-af8a-4433-8324-25d72c44df21-e1708373712510.jpg?fit=1000%2C666&ssl=1","views":"3237","jetpack_likes_enabled":true,"jetpack_sharing_enabled":true,"_links":{"self":[{"href":"https:\/\/www.paparazzinews.com.br\/index.php?rest_route=\/wp\/v2\/posts\/8211","targetHints":{"allow":["GET"]}}],"collection":[{"href":"https:\/\/www.paparazzinews.com.br\/index.php?rest_route=\/wp\/v2\/posts"}],"about":[{"href":"https:\/\/www.paparazzinews.com.br\/index.php?rest_route=\/wp\/v2\/types\/post"}],"author":[{"embeddable":true,"href":"https:\/\/www.paparazzinews.com.br\/index.php?rest_route=\/wp\/v2\/users\/1"}],"replies":[{"embeddable":true,"href":"https:\/\/www.paparazzinews.com.br\/index.php?rest_route=%2Fwp%2Fv2%2Fcomments&post=8211"}],"version-history":[{"count":1,"href":"https:\/\/www.paparazzinews.com.br\/index.php?rest_route=\/wp\/v2\/posts\/8211\/revisions"}],"predecessor-version":[{"id":8213,"href":"https:\/\/www.paparazzinews.com.br\/index.php?rest_route=\/wp\/v2\/posts\/8211\/revisions\/8213"}],"wp:featuredmedia":[{"embeddable":true,"href":"https:\/\/www.paparazzinews.com.br\/index.php?rest_route=\/wp\/v2\/media\/8212"}],"wp:attachment":[{"href":"https:\/\/www.paparazzinews.com.br\/index.php?rest_route=%2Fwp%2Fv2%2Fmedia&parent=8211"}],"wp:term":[{"taxonomy":"category","embeddable":true,"href":"https:\/\/www.paparazzinews.com.br\/index.php?rest_route=%2Fwp%2Fv2%2Fcategories&post=8211"},{"taxonomy":"post_tag","embeddable":true,"href":"https:\/\/www.paparazzinews.com.br\/index.php?rest_route=%2Fwp%2Fv2%2Ftags&post=8211"}],"curies":[{"name":"wp","href":"https:\/\/api.w.org\/{rel}","templated":true}]}}