{"id":8202,"date":"2024-02-19T16:55:25","date_gmt":"2024-02-19T19:55:25","guid":{"rendered":"https:\/\/www.paparazzinews.com.br\/?p=8202"},"modified":"2024-02-19T16:55:26","modified_gmt":"2024-02-19T19:55:26","slug":"antecipado-turismo-de-castilho-entrega-pedido-de-tendas-para-a-festa-do-pescador-de-agosto","status":"publish","type":"post","link":"https:\/\/www.paparazzinews.com.br\/?p=8202","title":{"rendered":"ANTECIPADO: Turismo de Castilho entrega pedido de tendas para a Festa do Pescador de Agosto"},"content":{"rendered":"\n<p>Durante visita realizada \u00e0 Est\u00e2ncia Tur\u00edstica de Pereira Barreto neste s\u00e1bado (17), o secret\u00e1rio de Turismo e Viagens do Governo de S\u00e3o Paulo, Roberto de Lucena, inaugurou uma das tr\u00eas primeiras estruturas n\u00e1uticas de uso p\u00fablico do estado. Ele tamb\u00e9m aproveitou a cerim\u00f4nia para assinar o conv\u00eanio transferindo a opera\u00e7\u00e3o da estrutura n\u00e1utica da Secretaria para a prefeitura do Munic\u00edpio.<\/p>\n\n\n\n<p>Autoridades de v\u00e1rias cidades da regi\u00e3o aproveitaram a agenda para reunir-se e apresentar pedidos ao secret\u00e1rio. Dentre os representantes municipais que compareceram ao encontro estavam a secret\u00e1ria municipal de Agricultura e Turismo \u2013 Rejane Flor, e a gestora de Turismo castilhense, W\u00e2nia Sim\u00f5es, que entregaram nas m\u00e3o de Lucena um Of\u00edcio solicitando tendas e palco para a 28\u00aa edi\u00e7\u00e3o da tradicional Festa do Pescador de Castilho.<\/p>\n\n\n\n<p>\u201cTamb\u00e9m conversamos sobre as a\u00e7\u00f5es do Governo do Estado para a regi\u00e3o em rela\u00e7\u00e3o ao desenvolvimento econ\u00f4mico do Turismo e, \u00e9 claro, falamos sobre nosso emprenho para obten\u00e7\u00e3o da classifica\u00e7\u00e3o como MIT. O secret\u00e1rio disse que est\u00e1 empenhado para que Castilho concretize esse sonho de tornar-se MIT, o que nos permitir\u00e1 participar ainda mais ativamente nas futuras a\u00e7\u00f5es do Governo para a regi\u00e3o\u201d, informou a gestora de Turismo, W\u00e2nia Sim\u00f5es.<\/p>\n\n\n\n<p>Sobre o pedido visando a infraestrutura prim\u00e1ria para a Festa do Pescador, Rejane disse que Lucena manifestou entusiasmo com a participa\u00e7\u00e3o de sua secretaria nesse evento t\u00e3o importante e tradicional do interior paulista.<\/p>\n\n\n\n<p><strong><em><strong><em><strong>Siga nossas redes sociais no\u00a0<a href=\"https:\/\/www.instagram.com\/ronipaparazzi\/\">Instagram\u00a0<\/a>e\u00a0<a href=\"https:\/\/www.facebook.com\/ronipaparazzicomvoce\">Facebook<\/a>\u00a0participe da nossa comunidade do Canal Roni Paparazzi no Whatsapp e receba as principais not\u00edcias do dia direto no seu celular.<\/strong>\u00a0<a href=\"https:\/\/chat.whatsapp.com\/GsG1XKo0jPOEfjzudWQcml\" target=\"_blank\" rel=\"noreferrer noopener\">\u00a0Clique aqui e se inscreva.<\/a><\/em><\/strong><\/em><\/strong><\/p>\n","protected":false},"excerpt":{"rendered":"<p>Durante visita realizada \u00e0 Est\u00e2ncia Tur\u00edstica de Pereira Barreto neste s\u00e1bado (17), o secret\u00e1rio de Turismo e Viagens do Governo de S\u00e3o Paulo, Roberto de Lucena, inaugurou uma das tr\u00eas primeiras estruturas n\u00e1uticas de uso p\u00fablico do estado. Ele tamb\u00e9m aproveitou a cerim\u00f4nia para assinar o conv\u00eanio transferindo a opera\u00e7\u00e3o da estrutura n\u00e1utica da Secretaria &hellip;<\/p>\n","protected":false},"author":1,"featured_media":8203,"comment_status":"open","ping_status":"open","sticky":false,"template":"","format":"standard","meta":{"_jetpack_memberships_contains_paid_content":false,"footnotes":"","jetpack_publicize_message":"","jetpack_publicize_feature_enabled":true,"jetpack_social_post_already_shared":false,"jetpack_social_options":{"image_generator_settings":{"template":"highway","default_image_id":0,"enabled":false},"version":2}},"categories":[4],"tags":[],"class_list":["post-8202","post","type-post","status-publish","format-standard","has-post-thumbnail","hentry","category-regiao"],"jetpack_publicize_connections":[],"jetpack_featured_media_url":"https:\/\/i0.wp.com\/www.paparazzinews.com.br\/wp-content\/uploads\/2024\/02\/502aab35-af48-428c-bc80-2053375ddd26.jpg?fit=1280%2C720&ssl=1","views":"2902","jetpack_likes_enabled":true,"jetpack_sharing_enabled":true,"_links":{"self":[{"href":"https:\/\/www.paparazzinews.com.br\/index.php?rest_route=\/wp\/v2\/posts\/8202","targetHints":{"allow":["GET"]}}],"collection":[{"href":"https:\/\/www.paparazzinews.com.br\/index.php?rest_route=\/wp\/v2\/posts"}],"about":[{"href":"https:\/\/www.paparazzinews.com.br\/index.php?rest_route=\/wp\/v2\/types\/post"}],"author":[{"embeddable":true,"href":"https:\/\/www.paparazzinews.com.br\/index.php?rest_route=\/wp\/v2\/users\/1"}],"replies":[{"embeddable":true,"href":"https:\/\/www.paparazzinews.com.br\/index.php?rest_route=%2Fwp%2Fv2%2Fcomments&post=8202"}],"version-history":[{"count":1,"href":"https:\/\/www.paparazzinews.com.br\/index.php?rest_route=\/wp\/v2\/posts\/8202\/revisions"}],"predecessor-version":[{"id":8204,"href":"https:\/\/www.paparazzinews.com.br\/index.php?rest_route=\/wp\/v2\/posts\/8202\/revisions\/8204"}],"wp:featuredmedia":[{"embeddable":true,"href":"https:\/\/www.paparazzinews.com.br\/index.php?rest_route=\/wp\/v2\/media\/8203"}],"wp:attachment":[{"href":"https:\/\/www.paparazzinews.com.br\/index.php?rest_route=%2Fwp%2Fv2%2Fmedia&parent=8202"}],"wp:term":[{"taxonomy":"category","embeddable":true,"href":"https:\/\/www.paparazzinews.com.br\/index.php?rest_route=%2Fwp%2Fv2%2Fcategories&post=8202"},{"taxonomy":"post_tag","embeddable":true,"href":"https:\/\/www.paparazzinews.com.br\/index.php?rest_route=%2Fwp%2Fv2%2Ftags&post=8202"}],"curies":[{"name":"wp","href":"https:\/\/api.w.org\/{rel}","templated":true}]}}