{"id":8187,"date":"2024-02-19T16:34:20","date_gmt":"2024-02-19T19:34:20","guid":{"rendered":"https:\/\/www.paparazzinews.com.br\/?p=8187"},"modified":"2024-02-19T16:34:21","modified_gmt":"2024-02-19T19:34:21","slug":"crise-politica-israel-declara-lula-persona-non-grata-apos-fala-sobre-hitler","status":"publish","type":"post","link":"https:\/\/www.paparazzinews.com.br\/?p=8187","title":{"rendered":"CRISE POL\u00cdTICA: Israel declara Lula persona non grata ap\u00f3s fala sobre Hitler"},"content":{"rendered":"\n<p>O ministro das Rela\u00e7\u00f5es Exteriores de Israel, Israel Katz, voltou a criticar o presidente Luiz In\u00e1cio Lula da Silva por suas declara\u00e7\u00f5es sobre\u00a0opera\u00e7\u00f5es israelenses na Faixa de Gaza e o corte de ajuda humanit\u00e1ria a habitantes da regi\u00e3o. Nas redes sociais, Katz declarou Lula\u00a0persona non grata. A informa\u00e7\u00e3o \u00e9 da Ag\u00eancia Brasil.<br><br>\u201cN\u00f3s n\u00e3o perdoaremos e n\u00e3o esqueceremos \u2013 em meu nome e em nome dos cidad\u00e3os de Israel, informei ao presidente Lula que ele \u00e9\u00a0persona non grata\u00a0em Israel at\u00e9 que se desculpe e se retrate por suas palavras\u201d, postou o embaixador israelense.<\/p>\n\n\n\n<p>\u201cEsta manh\u00e3, convoquei o embaixador brasileiro em Israel perto de Vashem, o lugar que testemunha mais do que qualquer outra coisa o que os nazistas e Hitler fizeram aos judeus, incluindo membros da minha fam\u00edlia.\u201d<\/p>\n\n\n\n<p>\u201cA compara\u00e7\u00e3o do presidente brasileiro Lula entre a guerra justa de Israel contra o Hamas e as a\u00e7\u00f5es de Hitler e dos nazistas, que destru\u00edram 6 milh\u00f5es de judeus, \u00e9 um grave ataque antissemita que profana a mem\u00f3ria daqueles que morreram no Holocausto.\u201d<\/p>\n\n\n\n<p>Ontem (18), o primeiro-ministro de Israel, Benjamin Netanyahu, disse que a fala de Lula equivale a \u201ccruzar uma linha vermelha\u201d. \u201cAs palavras do presidente do Brasil s\u00e3o vergonhosas e graves. Trata-se de banalizar o holocausto e de tentar prejudicar o povo judeu e o direito de Israel se defender\u201d.<\/p>\n\n\n\n<p><strong>Entenda<\/strong><\/p>\n\n\n\n<p>Em entrevista coletiva durante viagem oficial \u00e0 Eti\u00f3pia, o presidente brasileiro classificou as mortes de civis em Gaza como genoc\u00eddio, criticou pa\u00edses desenvolvidos por reduzirem ou cortarem a ajuda humanit\u00e1ria na regi\u00e3o e disse que \u201co que est\u00e1 acontecendo na Faixa de Gaza com o povo palestino n\u00e3o existiu em nenhum momento hist\u00f3rico. Ali\u00e1s, existiu quando Hitler resolveu matar os judeus\u201d.<\/p>\n\n\n\n<p>&#8220;N\u00e3o \u00e9 uma guerra entre soldados e soldados. \u00c9 uma guerra entre um Ex\u00e9rcito altamente preparado e mulheres e crian\u00e7as&#8221;, disse Lula.<\/p>\n\n\n\n<p><strong><em><strong><em><strong>Siga nossas redes sociais no\u00a0<a href=\"https:\/\/www.instagram.com\/ronipaparazzi\/\">Instagram\u00a0<\/a>e\u00a0<a href=\"https:\/\/www.facebook.com\/ronipaparazzicomvoce\">Facebook<\/a>\u00a0participe da nossa comunidade do Canal Roni Paparazzi no Whatsapp e receba as principais not\u00edcias do dia direto no seu celular.<\/strong>\u00a0<a href=\"https:\/\/chat.whatsapp.com\/GsG1XKo0jPOEfjzudWQcml\" target=\"_blank\" rel=\"noreferrer noopener\">\u00a0Clique aqui e se inscreva.<\/a><\/em><\/strong><\/em><\/strong><\/p>\n","protected":false},"excerpt":{"rendered":"<p>O ministro das Rela\u00e7\u00f5es Exteriores de Israel, Israel Katz, voltou a criticar o presidente Luiz In\u00e1cio Lula da Silva por suas declara\u00e7\u00f5es sobre\u00a0opera\u00e7\u00f5es israelenses na Faixa de Gaza e o corte de ajuda humanit\u00e1ria a habitantes da regi\u00e3o. Nas redes sociais, Katz declarou Lula\u00a0persona non grata. A informa\u00e7\u00e3o \u00e9 da Ag\u00eancia Brasil.\u201cN\u00f3s n\u00e3o perdoaremos e &hellip;<\/p>\n","protected":false},"author":1,"featured_media":8188,"comment_status":"open","ping_status":"open","sticky":false,"template":"","format":"standard","meta":{"_jetpack_memberships_contains_paid_content":false,"footnotes":"","jetpack_publicize_message":"","jetpack_publicize_feature_enabled":true,"jetpack_social_post_already_shared":false,"jetpack_social_options":{"image_generator_settings":{"template":"highway","default_image_id":0,"enabled":false},"version":2}},"categories":[7],"tags":[],"class_list":["post-8187","post","type-post","status-publish","format-standard","has-post-thumbnail","hentry","category-politica"],"jetpack_publicize_connections":[],"jetpack_featured_media_url":"https:\/\/i0.wp.com\/www.paparazzinews.com.br\/wp-content\/uploads\/2024\/02\/israel-declara-lula-persona-non-grata-apos-fala-sobre-holocausto-190224_092814.jpg?fit=1170%2C700&ssl=1","views":"1304","jetpack_likes_enabled":true,"jetpack_sharing_enabled":true,"_links":{"self":[{"href":"https:\/\/www.paparazzinews.com.br\/index.php?rest_route=\/wp\/v2\/posts\/8187","targetHints":{"allow":["GET"]}}],"collection":[{"href":"https:\/\/www.paparazzinews.com.br\/index.php?rest_route=\/wp\/v2\/posts"}],"about":[{"href":"https:\/\/www.paparazzinews.com.br\/index.php?rest_route=\/wp\/v2\/types\/post"}],"author":[{"embeddable":true,"href":"https:\/\/www.paparazzinews.com.br\/index.php?rest_route=\/wp\/v2\/users\/1"}],"replies":[{"embeddable":true,"href":"https:\/\/www.paparazzinews.com.br\/index.php?rest_route=%2Fwp%2Fv2%2Fcomments&post=8187"}],"version-history":[{"count":1,"href":"https:\/\/www.paparazzinews.com.br\/index.php?rest_route=\/wp\/v2\/posts\/8187\/revisions"}],"predecessor-version":[{"id":8189,"href":"https:\/\/www.paparazzinews.com.br\/index.php?rest_route=\/wp\/v2\/posts\/8187\/revisions\/8189"}],"wp:featuredmedia":[{"embeddable":true,"href":"https:\/\/www.paparazzinews.com.br\/index.php?rest_route=\/wp\/v2\/media\/8188"}],"wp:attachment":[{"href":"https:\/\/www.paparazzinews.com.br\/index.php?rest_route=%2Fwp%2Fv2%2Fmedia&parent=8187"}],"wp:term":[{"taxonomy":"category","embeddable":true,"href":"https:\/\/www.paparazzinews.com.br\/index.php?rest_route=%2Fwp%2Fv2%2Fcategories&post=8187"},{"taxonomy":"post_tag","embeddable":true,"href":"https:\/\/www.paparazzinews.com.br\/index.php?rest_route=%2Fwp%2Fv2%2Ftags&post=8187"}],"curies":[{"name":"wp","href":"https:\/\/api.w.org\/{rel}","templated":true}]}}