{"id":8181,"date":"2024-02-16T11:05:20","date_gmt":"2024-02-16T14:05:20","guid":{"rendered":"https:\/\/www.paparazzinews.com.br\/?p=8181"},"modified":"2024-02-16T11:05:22","modified_gmt":"2024-02-16T14:05:22","slug":"cidade-vai-indenizar-ciclista-que-caiu-da-ponte-de-3-metros-na-area-rural","status":"publish","type":"post","link":"https:\/\/www.paparazzinews.com.br\/?p=8181","title":{"rendered":"Cidade vai indenizar ciclista que caiu da ponte de 3 metros na \u00e1rea rural"},"content":{"rendered":"\n<p>A 10\u00aa C\u00e2mara de Direito P\u00fablico do Tribunal de Justi\u00e7a de S\u00e3o Paulo manteve decis\u00e3o da Vara \u00danica de G\u00e1lia, proferida pelo juiz Felipe Guinsani, que condenou o Munic\u00edpio a indenizar ciclista que caiu de ponte em estrada rural. A indeniza\u00e7\u00e3o por danos materiais foi fixada em R$ 3,1 mil. J\u00e1 o ressarcimento por danos morais foi reduzido para R$ 10 mil.&nbsp;<\/p>\n\n\n\n<p>Consta nos autos que o homem estava pedalando com um grupo de ciclistas quando, ao passar por uma ponte de t\u00e1buas deteriorada e sem guarda-corpo, caiu de uma altura de tr\u00eas metros em um riacho. Em raz\u00e3o do acidente, ficou imobilizado por 30 dias e afastado do trabalho por 120 dias.&nbsp;&nbsp;<\/p>\n\n\n\n<p>\u201cFicou caracterizada a responsabilidade do Estado por omiss\u00e3o, decorrente da falta do servi\u00e7o, seja pela aus\u00eancia, seja pelo mau funcionamento do servi\u00e7o p\u00fablico. Pelo que se depreende do laudo pericial, de fato, o local em que o autor transitava em sua bicicleta, quando sofreu o acidente, se tratava de ponte de madeira prec\u00e1ria, sem a manuten\u00e7\u00e3o devida, suficiente para causar a perda da dirigibilidade da bicicleta\u201d, escreveu o relator do recurso, desembargador Paulo Galizia.&nbsp;&nbsp;<\/p>\n\n\n\n<p>Na decis\u00e3o, o magistrado tamb\u00e9m destacou o fato de o autor ser ciclista profissional, o que refor\u00e7a que ele tinha experi\u00eancia suficiente para fazer a travessia em condi\u00e7\u00f5es normais. \u201cDe forma que foi justamente a circunst\u00e2ncia da ponte ser prec\u00e1ria, sem a devida manuten\u00e7\u00e3o e sinaliza\u00e7\u00e3o, que desencadeou o acidente\u201d, concluiu.&nbsp;<\/p>\n\n\n\n<p>Os desembargadores Antonio Carlos Villen e Antonio Celso Aguilar Cortez completaram a turma de julgamento. A decis\u00e3o foi un\u00e2nime.&nbsp;<\/p>\n\n\n\n<p>Apela\u00e7\u00e3o n\u00ba&nbsp;<a href=\"https:\/\/esaj.tjsp.jus.br\/cposg\/search.do?conversationId=&amp;paginaConsulta=0&amp;cbPesquisa=NUMPROC&amp;numeroDigitoAnoUnificado=1000191-44.2022&amp;foroNumeroUnificado=0200&amp;dePesquisaNuUnificado=1000191-44.2022.8.26.0200&amp;dePesquisaNuUnificado=UNIFICADO&amp;dePesquisa=&amp;tipoNuProcesso=UNIFICADO\" target=\"_blank\" rel=\"noreferrer noopener\">1000191-44.2022.8.26.0200<\/a><\/p>\n\n\n\n<p>Comunica\u00e7\u00e3o Social TJSP \u2013 BC (texto) \/ Banco de imagens (foto)&nbsp; &nbsp;&nbsp;<\/p>\n\n\n\n<p><a href=\"http:\/\/imprensatj@tjsp.jus.br\/\">imprensatj@tjsp.jus.br<\/a><\/p>\n\n\n\n<p><strong><em><strong><em><strong>Siga nossas redes sociais no\u00a0<a href=\"https:\/\/www.instagram.com\/ronipaparazzi\/\">Instagram\u00a0<\/a>e\u00a0<a href=\"https:\/\/www.facebook.com\/ronipaparazzicomvoce\">Facebook<\/a>\u00a0participe da nossa comunidade do Canal Roni Paparazzi no Whatsapp e receba as principais not\u00edcias do dia direto no seu celular.<\/strong>\u00a0<a href=\"https:\/\/chat.whatsapp.com\/GsG1XKo0jPOEfjzudWQcml\" target=\"_blank\" rel=\"noreferrer noopener\">\u00a0Clique aqui e se inscreva.<\/a><\/em><\/strong><\/em><\/strong><\/p>\n","protected":false},"excerpt":{"rendered":"<p>A 10\u00aa C\u00e2mara de Direito P\u00fablico do Tribunal de Justi\u00e7a de S\u00e3o Paulo manteve decis\u00e3o da Vara \u00danica de G\u00e1lia, proferida pelo juiz Felipe Guinsani, que condenou o Munic\u00edpio a indenizar ciclista que caiu de ponte em estrada rural. A indeniza\u00e7\u00e3o por danos materiais foi fixada em R$ 3,1 mil. J\u00e1 o ressarcimento por danos &hellip;<\/p>\n","protected":false},"author":1,"featured_media":8182,"comment_status":"open","ping_status":"open","sticky":false,"template":"","format":"standard","meta":{"_jetpack_memberships_contains_paid_content":false,"footnotes":"","jetpack_publicize_message":"","jetpack_publicize_feature_enabled":true,"jetpack_social_post_already_shared":false,"jetpack_social_options":{"image_generator_settings":{"template":"highway","default_image_id":0,"enabled":false},"version":2}},"categories":[4],"tags":[],"class_list":["post-8181","post","type-post","status-publish","format-standard","has-post-thumbnail","hentry","category-regiao"],"jetpack_publicize_connections":[],"jetpack_featured_media_url":"https:\/\/i0.wp.com\/www.paparazzinews.com.br\/wp-content\/uploads\/2024\/02\/Imagem.jpg?fit=562%2C375&ssl=1","views":"2919","jetpack_likes_enabled":true,"jetpack_sharing_enabled":true,"_links":{"self":[{"href":"https:\/\/www.paparazzinews.com.br\/index.php?rest_route=\/wp\/v2\/posts\/8181","targetHints":{"allow":["GET"]}}],"collection":[{"href":"https:\/\/www.paparazzinews.com.br\/index.php?rest_route=\/wp\/v2\/posts"}],"about":[{"href":"https:\/\/www.paparazzinews.com.br\/index.php?rest_route=\/wp\/v2\/types\/post"}],"author":[{"embeddable":true,"href":"https:\/\/www.paparazzinews.com.br\/index.php?rest_route=\/wp\/v2\/users\/1"}],"replies":[{"embeddable":true,"href":"https:\/\/www.paparazzinews.com.br\/index.php?rest_route=%2Fwp%2Fv2%2Fcomments&post=8181"}],"version-history":[{"count":1,"href":"https:\/\/www.paparazzinews.com.br\/index.php?rest_route=\/wp\/v2\/posts\/8181\/revisions"}],"predecessor-version":[{"id":8183,"href":"https:\/\/www.paparazzinews.com.br\/index.php?rest_route=\/wp\/v2\/posts\/8181\/revisions\/8183"}],"wp:featuredmedia":[{"embeddable":true,"href":"https:\/\/www.paparazzinews.com.br\/index.php?rest_route=\/wp\/v2\/media\/8182"}],"wp:attachment":[{"href":"https:\/\/www.paparazzinews.com.br\/index.php?rest_route=%2Fwp%2Fv2%2Fmedia&parent=8181"}],"wp:term":[{"taxonomy":"category","embeddable":true,"href":"https:\/\/www.paparazzinews.com.br\/index.php?rest_route=%2Fwp%2Fv2%2Fcategories&post=8181"},{"taxonomy":"post_tag","embeddable":true,"href":"https:\/\/www.paparazzinews.com.br\/index.php?rest_route=%2Fwp%2Fv2%2Ftags&post=8181"}],"curies":[{"name":"wp","href":"https:\/\/api.w.org\/{rel}","templated":true}]}}