{"id":8153,"date":"2024-02-16T09:03:29","date_gmt":"2024-02-16T12:03:29","guid":{"rendered":"https:\/\/www.paparazzinews.com.br\/?p=8153"},"modified":"2024-02-16T09:03:31","modified_gmt":"2024-02-16T12:03:31","slug":"preocupacao-pos-carnaval-numero-de-casos-de-covid-mais-do-que-triplica","status":"publish","type":"post","link":"https:\/\/www.paparazzinews.com.br\/?p=8153","title":{"rendered":"PREOCUPA\u00c7\u00c3O P\u00d3S CARNAVAL: N\u00famero de casos de Covid mais do que triplica"},"content":{"rendered":"\n<p>O n\u00famero de casos de covid-19 na cidade de S\u00e3o Paulo maisdo que triplicou entre a primeira semana epidemiol\u00f3gica de 2024 &#8211; de 31 de dezembro de 2023 a 6 de janeiro de 2024 &#8211; e a sexta &#8211; de 4 a 10 de fevereiro de 2024. No per\u00edodo, segundo o painel interativo da Secretaria Municipal de Sa\u00fade (SMS), os casos foram de 881 para 3.443. A informa\u00e7\u00e3o \u00e9 do Estad\u00e3o Conte\u00fado.<br><br>Para o infectologista David Uip, diretor nacional de infectologia da Rede D\u2019Or, o n\u00famero real de casos deve ser maior &#8220;Como grande parte dos testes \u00e9 feita em casa e (os resultados) n\u00e3o s\u00e3o informados ao governo, os n\u00fameros apontados pelos \u00f3rg\u00e3os de sa\u00fade tendem a ser menores&#8221;, esclarece.<\/p>\n\n\n\n<p>Para a infectologista Emy Gouveia, do Hospital Albert Einstein, de S\u00e3o Paulo, o aumento dos casos de covid-19 nas \u00faltimas semanas est\u00e1 associado \u00e0 circula\u00e7\u00e3o de uma nova variante do v\u00edrus no Pa\u00eds. &#8220;A JN.1 da \u00d4micron chegou ao Brasil no fim de 2023, e sempre que h\u00e1 a chegada de uma nova variante h\u00e1 a possibilidade de aumento de casos&#8221;, diz.<\/p>\n\n\n\n<p><strong>P\u00d3S-CARNAVAL<\/strong><\/p>\n\n\n\n<p>Com o carnaval, o cen\u00e1rio deve piorar em todo o Brasil, conforme o infectologista Renato Grinbaum, da Sociedade Brasileira de Infectologia (SBI). &#8220;O v\u00edrus da covid-19 \u00e9 transmitido pela exposi\u00e7\u00e3o a fluidos respirat\u00f3rios contaminados, o que \u00e9 favorecido pelas aglomera\u00e7\u00f5es t\u00edpicas desse per\u00edodo.&#8221;<\/p>\n\n\n\n<p>A atual alta de casos de covid, contudo, n\u00e3o deve resultar em uma maior ocorr\u00eancia de quadros graves da doen\u00e7a, diz Grinbaum. &#8220;Diferente do que aconteceu durante a pandemia, hoje grande parte da popula\u00e7\u00e3o j\u00e1 teve contato com o v\u00edrus e est\u00e1 vacinada, mais protegida&#8221;, afirma.<\/p>\n\n\n\n<p><strong>\u00c9 COVID OU DENGUE?<\/strong><\/p>\n\n\n\n<p>A dengue \u00e9 uma doen\u00e7a que est\u00e1 em disparada no Brasil. Alguns dos sintomas iniciais costumam ser semelhantes aos da covid-19, o que pode causar confus\u00e3o. &#8220;Nos dois casos, \u00e9 comum sentir febre, dor no corpo e mal-estar. Por isso, \u00e9 necess\u00e1rio que os especialistas do sistema de sa\u00fade estejam bem preparados para realizar o diagn\u00f3stico de forma adequada&#8221;, diz Uip.<\/p>\n\n\n\n<p><strong>AVALIA\u00c7\u00c3O M\u00c9DICA<\/strong><\/p>\n\n\n\n<p>Justamente pela similaridade de sintomas, a diferencia\u00e7\u00e3o entre dengue e covid-19 \u00e9 feita por avalia\u00e7\u00e3o do m\u00e9dico e exames laboratoriais espec\u00edficos, segundo Emy. Ela comenta ainda sobre a possibilidade de uma infec\u00e7\u00e3o pelos dois v\u00edrus ao mesmo tempo, o que implica ainda mais a necessidade de buscar um m\u00e9dico para ter o tratamento adequado.<\/p>\n\n\n\n<p>Em contrapartida, segundo Uip, h\u00e1 sintomas mais caracter\u00edsticos observados nos pacientes de cada doen\u00e7a. &#8220;Na dengue, o mais comum \u00e9 sentir uma sensa\u00e7\u00e3o de \u2018quebra de ossos\u2019, uma dor muito forte no corpo; j\u00e1 nos casos de covid-19 temos visto principalmente dor de garganta, diferente do que acontecia na pandemia, quando predominava falta de ar&#8221;, compara.<\/p>\n\n\n\n<p>Para Grinbaum, outro ponto importante \u00e9 que a covid-19, diferente da dengue, costuma ocasionar sintomas respirat\u00f3rios, como tosse persistente, dor de garganta e coriza.<\/p>\n\n\n\n<p><strong><em><strong><em><strong>Siga nossas redes sociais no\u00a0<a href=\"https:\/\/www.instagram.com\/ronipaparazzi\/\">Instagram\u00a0<\/a>e\u00a0<a href=\"https:\/\/www.facebook.com\/ronipaparazzicomvoce\">Facebook<\/a>\u00a0participe da nossa comunidade do Canal Roni Paparazzi no Whatsapp e receba as principais not\u00edcias do dia direto no seu celular.<\/strong>\u00a0<a href=\"https:\/\/chat.whatsapp.com\/GsG1XKo0jPOEfjzudWQcml\" target=\"_blank\" rel=\"noreferrer noopener\">\u00a0Clique aqui e se inscreva.<\/a><\/em><\/strong><\/em><\/strong><\/p>\n","protected":false},"excerpt":{"rendered":"<p>O n\u00famero de casos de covid-19 na cidade de S\u00e3o Paulo maisdo que triplicou entre a primeira semana epidemiol\u00f3gica de 2024 &#8211; de 31 de dezembro de 2023 a 6 de janeiro de 2024 &#8211; e a sexta &#8211; de 4 a 10 de fevereiro de 2024. No per\u00edodo, segundo o painel interativo da Secretaria &hellip;<\/p>\n","protected":false},"author":1,"featured_media":8154,"comment_status":"open","ping_status":"open","sticky":false,"template":"","format":"standard","meta":{"_jetpack_memberships_contains_paid_content":false,"footnotes":"","jetpack_publicize_message":"","jetpack_publicize_feature_enabled":true,"jetpack_social_post_already_shared":false,"jetpack_social_options":{"image_generator_settings":{"template":"highway","default_image_id":0,"enabled":false},"version":2}},"categories":[4],"tags":[],"class_list":["post-8153","post","type-post","status-publish","format-standard","has-post-thumbnail","hentry","category-regiao"],"jetpack_publicize_connections":[],"jetpack_featured_media_url":"https:\/\/i0.wp.com\/www.paparazzinews.com.br\/wp-content\/uploads\/2024\/02\/numero-de-casos-de-covid-mais-do-que-triplica-na-cidade-de-sao-paulo-160224_095923.png?fit=1000%2C591&ssl=1","views":"2898","jetpack_likes_enabled":true,"jetpack_sharing_enabled":true,"_links":{"self":[{"href":"https:\/\/www.paparazzinews.com.br\/index.php?rest_route=\/wp\/v2\/posts\/8153","targetHints":{"allow":["GET"]}}],"collection":[{"href":"https:\/\/www.paparazzinews.com.br\/index.php?rest_route=\/wp\/v2\/posts"}],"about":[{"href":"https:\/\/www.paparazzinews.com.br\/index.php?rest_route=\/wp\/v2\/types\/post"}],"author":[{"embeddable":true,"href":"https:\/\/www.paparazzinews.com.br\/index.php?rest_route=\/wp\/v2\/users\/1"}],"replies":[{"embeddable":true,"href":"https:\/\/www.paparazzinews.com.br\/index.php?rest_route=%2Fwp%2Fv2%2Fcomments&post=8153"}],"version-history":[{"count":1,"href":"https:\/\/www.paparazzinews.com.br\/index.php?rest_route=\/wp\/v2\/posts\/8153\/revisions"}],"predecessor-version":[{"id":8155,"href":"https:\/\/www.paparazzinews.com.br\/index.php?rest_route=\/wp\/v2\/posts\/8153\/revisions\/8155"}],"wp:featuredmedia":[{"embeddable":true,"href":"https:\/\/www.paparazzinews.com.br\/index.php?rest_route=\/wp\/v2\/media\/8154"}],"wp:attachment":[{"href":"https:\/\/www.paparazzinews.com.br\/index.php?rest_route=%2Fwp%2Fv2%2Fmedia&parent=8153"}],"wp:term":[{"taxonomy":"category","embeddable":true,"href":"https:\/\/www.paparazzinews.com.br\/index.php?rest_route=%2Fwp%2Fv2%2Fcategories&post=8153"},{"taxonomy":"post_tag","embeddable":true,"href":"https:\/\/www.paparazzinews.com.br\/index.php?rest_route=%2Fwp%2Fv2%2Ftags&post=8153"}],"curies":[{"name":"wp","href":"https:\/\/api.w.org\/{rel}","templated":true}]}}