{"id":8147,"date":"2024-02-16T08:42:22","date_gmt":"2024-02-16T11:42:22","guid":{"rendered":"https:\/\/www.paparazzinews.com.br\/?p=8147"},"modified":"2024-02-16T08:42:23","modified_gmt":"2024-02-16T11:42:23","slug":"tiro-na-testa-mata-jovem-de-23-anos","status":"publish","type":"post","link":"https:\/\/www.paparazzinews.com.br\/?p=8147","title":{"rendered":"Tiro na testa mata jovem de 23 anos"},"content":{"rendered":"\n<p>A Delegacia de Homic\u00eddios da Divis\u00e3o Especializada em Investiga\u00e7\u00f5es Criminais (DEIC) de S\u00e3o Jos\u00e9 do Rio Preto (SP) vai investigar o homic\u00eddio de um jovem de 23 anos, alvejado com um tiro na testa, na tarde da \u00faltima quarta-feira (14), no bairro Jo\u00e3o Paulo II, na regi\u00e3o norte da cidade. A informa\u00e7\u00e3o \u00e9 do Sbtinterior.<\/p>\n\n\n\n<p>Segundo informa\u00e7\u00f5es do boletim de ocorr\u00eancia, Bruno Rodrigo de Oliveira chegou a ser socorrido pelo Corpo de Bombeiros e pela equipe do Servi\u00e7o de Atendimento M\u00f3vel de Urg\u00eancia (SAMU), mas n\u00e3o resistiu e morreu na rua Joaquim Pereira Garcia, onde foi baleado.<\/p>\n\n\n\n<p>Durante a per\u00edcia, foi identificado que a v\u00edtima foi atingida e morta apenas com um tiro. N\u00e3o foi poss\u00edvel identificar o calibre do proj\u00e9til porque nenhuma capsula foi encontrada; uma correntinha que Bruno usava no pesco\u00e7o foi recolhida pelo perito.<\/p>\n\n\n\n<p>A tia da v\u00edtima esteve no local do homic\u00eddio e contou para a pol\u00edcia que o sobrinho \u201cmexia com coisa errada\u201d, mas n\u00e3o soube dizer em qual esquema criminoso Bruno estava envolvido, nem se ele tinha inimigos. A mulher tamb\u00e9m disse que o sobrinho morava no mesmo bairro, com a av\u00f3, mas como a idosa estava internada, ele estava sem resid\u00eancia fixa.<\/p>\n\n\n\n<p>O corpo do jovem foi levado para o Instituto M\u00e9dico Legal (IML) para exame necrosc\u00f3pico. Nenhum suspeito foi encontrado.<\/p>\n\n\n\n<p><strong><em><strong><em><strong>Siga nossas redes sociais no\u00a0<a href=\"https:\/\/www.instagram.com\/ronipaparazzi\/\">Instagram\u00a0<\/a>e\u00a0<a href=\"https:\/\/www.facebook.com\/ronipaparazzicomvoce\">Facebook<\/a>\u00a0participe da nossa comunidade do Canal Roni Paparazzi no Whatsapp e receba as principais not\u00edcias do dia direto no seu celular.<\/strong>\u00a0<a href=\"https:\/\/chat.whatsapp.com\/GsG1XKo0jPOEfjzudWQcml\" target=\"_blank\" rel=\"noreferrer noopener\">\u00a0Clique aqui e se inscreva.<\/a><\/em><\/strong><\/em><\/strong><\/p>\n","protected":false},"excerpt":{"rendered":"<p>A Delegacia de Homic\u00eddios da Divis\u00e3o Especializada em Investiga\u00e7\u00f5es Criminais (DEIC) de S\u00e3o Jos\u00e9 do Rio Preto (SP) vai investigar o homic\u00eddio de um jovem de 23 anos, alvejado com um tiro na testa, na tarde da \u00faltima quarta-feira (14), no bairro Jo\u00e3o Paulo II, na regi\u00e3o norte da cidade. A informa\u00e7\u00e3o \u00e9 do Sbtinterior. &hellip;<\/p>\n","protected":false},"author":1,"featured_media":8148,"comment_status":"open","ping_status":"open","sticky":false,"template":"","format":"standard","meta":{"_jetpack_memberships_contains_paid_content":false,"footnotes":"","jetpack_publicize_message":"","jetpack_publicize_feature_enabled":true,"jetpack_social_post_already_shared":false,"jetpack_social_options":{"image_generator_settings":{"template":"highway","default_image_id":0,"enabled":false},"version":2}},"categories":[3],"tags":[],"class_list":["post-8147","post","type-post","status-publish","format-standard","has-post-thumbnail","hentry","category-policial"],"jetpack_publicize_connections":[],"jetpack_featured_media_url":"https:\/\/i0.wp.com\/www.paparazzinews.com.br\/wp-content\/uploads\/2024\/02\/deic_1572640878609.jpg?fit=625%2C365&ssl=1","views":"1710","jetpack_likes_enabled":true,"jetpack_sharing_enabled":true,"_links":{"self":[{"href":"https:\/\/www.paparazzinews.com.br\/index.php?rest_route=\/wp\/v2\/posts\/8147","targetHints":{"allow":["GET"]}}],"collection":[{"href":"https:\/\/www.paparazzinews.com.br\/index.php?rest_route=\/wp\/v2\/posts"}],"about":[{"href":"https:\/\/www.paparazzinews.com.br\/index.php?rest_route=\/wp\/v2\/types\/post"}],"author":[{"embeddable":true,"href":"https:\/\/www.paparazzinews.com.br\/index.php?rest_route=\/wp\/v2\/users\/1"}],"replies":[{"embeddable":true,"href":"https:\/\/www.paparazzinews.com.br\/index.php?rest_route=%2Fwp%2Fv2%2Fcomments&post=8147"}],"version-history":[{"count":1,"href":"https:\/\/www.paparazzinews.com.br\/index.php?rest_route=\/wp\/v2\/posts\/8147\/revisions"}],"predecessor-version":[{"id":8149,"href":"https:\/\/www.paparazzinews.com.br\/index.php?rest_route=\/wp\/v2\/posts\/8147\/revisions\/8149"}],"wp:featuredmedia":[{"embeddable":true,"href":"https:\/\/www.paparazzinews.com.br\/index.php?rest_route=\/wp\/v2\/media\/8148"}],"wp:attachment":[{"href":"https:\/\/www.paparazzinews.com.br\/index.php?rest_route=%2Fwp%2Fv2%2Fmedia&parent=8147"}],"wp:term":[{"taxonomy":"category","embeddable":true,"href":"https:\/\/www.paparazzinews.com.br\/index.php?rest_route=%2Fwp%2Fv2%2Fcategories&post=8147"},{"taxonomy":"post_tag","embeddable":true,"href":"https:\/\/www.paparazzinews.com.br\/index.php?rest_route=%2Fwp%2Fv2%2Ftags&post=8147"}],"curies":[{"name":"wp","href":"https:\/\/api.w.org\/{rel}","templated":true}]}}