{"id":8139,"date":"2024-02-07T17:07:12","date_gmt":"2024-02-07T20:07:12","guid":{"rendered":"https:\/\/www.paparazzinews.com.br\/?p=8139"},"modified":"2024-02-07T17:08:36","modified_gmt":"2024-02-07T20:08:36","slug":"andradinaforca-tatica-tem-novo-comandante-de-pelotao","status":"publish","type":"post","link":"https:\/\/www.paparazzinews.com.br\/?p=8139","title":{"rendered":"ANDRADINA: For\u00e7a T\u00e1tica tem novo comandante de pelot\u00e3o"},"content":{"rendered":"\n<p>A Companhia de For\u00e7a T\u00e1tica da Pol\u00edcia Militar do 28\u00ba BPM\/I de Andradina possui um novo integrante.<br>Ap\u00f3s frequentar e concluir com sucesso o est\u00e1gio (per\u00edodo de treinamento, em que o candidato se submete aos ensinamentos pr\u00e1ticos e te\u00f3ricos, supervisionado por integrante mais antigo do pelot\u00e3o), o 2\u00ba Tenente PM Fagundes foi integrado ao grupo, em solenidade especial de entrega do Bra\u00e7al, precedida pelo juramento. A entrega foi feita pelo seu padrinho, Cb PM Gomes, que atuou como orientador durante o est\u00e1gio.<\/p>\n\n\n\n<p>Agora, o tenente Fagundes assumir\u00e1 a fun\u00e7\u00e3o de comandante do Pelot\u00e3o. A For\u00e7a T\u00e1tica foi institu\u00edda como programa de policiamento pelo Coronel PM Carlos Alberto de Camargo, comandante geral da PMESP na \u00e9poca, ap\u00f3s mudan\u00e7as na pol\u00edtica interna da Pol\u00edcia Militar de S\u00e3o Paulo, que acabaram por decidir pela extin\u00e7\u00e3o do Patrulhamento T\u00e1tico M\u00f3vel. <\/p>\n\n\n\n<p>A modalidade de patrulhamento, e foi criada no dia 31 de mar\u00e7o de 1998 conforme Diretriz PM3-001\/02\/98 de 31MAR98, ao se extinguirem as companhias administrativas dos batalh\u00f5es da PMESP, que eram respons\u00e1veis por administrar os batalh\u00f5es, e realizar reparos em viaturas e armamentos das demais companhias anexas ao batalh\u00e3o, ap\u00f3s a extin\u00e7\u00e3o do \ud835\ude4b\ud835\ude3c\ud835\ude4f\ud835\ude4d\ud835\ude50\ud835\ude47\ud835\ude43\ud835\ude3c\ud835\ude48\ud835\ude40\ud835\ude49\ud835\ude4f\ud835\ude4a \ud835\ude4f\ud835\ude3c\ud835\ude4f\ud835\ude44\ud835\ude3e\ud835\ude4a \ud835\ude48\ud835\ude4a\ud835\ude51\ud835\ude40\ud835\ude47, que foi criada no 1\u00ba BPM\/M em 1972 com os moldes do patrulhamento do 1\u00ba Batalh\u00e3o de Choque \u201cROTA\u201d.<\/p>\n\n\n\n<p>Em 1997, foi idealizado o Programa \ud835\ude41\ud835\ude4a\ud835\ude4d\ud835\ude3e\ud835\ude3c \ud835\ude4f\ud835\ude3c\ud835\ude4f\ud835\ude44\ud835\ude3e\ud835\ude3c de Policiamento, para refor\u00e7ar o policiamento de \u00e1rea. Em 2005, foi publicada diretriz que disciplina o programa de For\u00e7a T\u00e1tica, que atende aos moldes que conhecemos hoje. Na \u00e9poca de PTM, os policiais utilizavam o bra\u00e7al no bra\u00e7o esquerdo. J\u00e1 na For\u00e7a T\u00e1tica, o bra\u00e7al \u00e9 utilizado no bra\u00e7o direito;<\/p>\n\n\n\n<p>Uma equipe de For\u00e7a T\u00e1tica \u00e9 composta, geralmente, por 1 Cabo ou Soldado como motorista, 1 Sargento ou Tenente encarregado e 1 Cabo ou Soldado auxiliar-seguran\u00e7a e, quando houver, 1 auxiliar-seguran\u00e7a na condi\u00e7\u00e3o de estagi\u00e1rio.<\/p>\n\n\n\n<p>As equipes de For\u00e7a T\u00e1tica s\u00e3o respons\u00e1veis por realizar o patrulhamento t\u00e1tico ostensivo nas \u00e1reas onde o n\u00edvel de criminalidade \u00e9 mais elevado. Tamb\u00e9m realiza opera\u00e7\u00f5es de CDC (Controle de Dist\u00farbios Civis), atua em resgate de ref\u00e9ns, sequestros, execu\u00e7\u00e3o de mandados pris\u00e3o, desinterdi\u00e7\u00e3o de vias, rebeli\u00f5es em pres\u00eddio e em apoio ao policiamento de \u00e1rea. No 28\u00ba BPM\/I, tem atuado de forma firme e profissional, apoiando as demais modalidades de policiamento, nas 12 cidades que comp\u00f5em o Batalh\u00e3o, fazendo dele, estatisticamente, um dos mais seguros do estado de S\u00e3o Paulo, que por sua vez \u00e9 considerado um dos mais seguros do pa\u00eds.<\/p>\n\n\n\n<p><strong><em><strong><em><strong>Siga nossas redes sociais no&nbsp;<a href=\"https:\/\/www.instagram.com\/ronipaparazzi\/\">Instagram&nbsp;<\/a>e&nbsp;<a href=\"https:\/\/www.facebook.com\/ronipaparazzicomvoce\">Facebook<\/a>&nbsp;participe da nossa comunidade do Canal Roni Paparazzi no Whatsapp e receba as principais not\u00edcias do dia direto no seu celular.<\/strong>&nbsp;<a href=\"https:\/\/chat.whatsapp.com\/GsG1XKo0jPOEfjzudWQcml\" target=\"_blank\" rel=\"noreferrer noopener\">&nbsp;Clique aqui e se inscreva.<\/a><\/em><\/strong><\/em><\/strong><\/p>\n\n\n\n<p><a href=\"https:\/\/www.paparazzinews.com.br\/wp-admin\/post.php?post=8132&amp;action=edit\"><\/a><\/p>\n","protected":false},"excerpt":{"rendered":"<p>A Companhia de For\u00e7a T\u00e1tica da Pol\u00edcia Militar do 28\u00ba BPM\/I de Andradina possui um novo integrante.Ap\u00f3s frequentar e concluir com sucesso o est\u00e1gio (per\u00edodo de treinamento, em que o candidato se submete aos ensinamentos pr\u00e1ticos e te\u00f3ricos, supervisionado por integrante mais antigo do pelot\u00e3o), o 2\u00ba Tenente PM Fagundes foi integrado ao grupo, em &hellip;<\/p>\n","protected":false},"author":1,"featured_media":8140,"comment_status":"open","ping_status":"open","sticky":false,"template":"","format":"standard","meta":{"_jetpack_memberships_contains_paid_content":false,"footnotes":"","jetpack_publicize_message":"","jetpack_publicize_feature_enabled":true,"jetpack_social_post_already_shared":false,"jetpack_social_options":{"image_generator_settings":{"template":"highway","default_image_id":0,"enabled":false},"version":2}},"categories":[3],"tags":[],"class_list":["post-8139","post","type-post","status-publish","format-standard","has-post-thumbnail","hentry","category-policial"],"jetpack_publicize_connections":[],"jetpack_featured_media_url":"https:\/\/i0.wp.com\/www.paparazzinews.com.br\/wp-content\/uploads\/2024\/02\/530dc614-4f60-4909-9a83-6cdd1513e398.jpg?fit=719%2C624&ssl=1","views":"4692","jetpack_likes_enabled":true,"jetpack_sharing_enabled":true,"_links":{"self":[{"href":"https:\/\/www.paparazzinews.com.br\/index.php?rest_route=\/wp\/v2\/posts\/8139","targetHints":{"allow":["GET"]}}],"collection":[{"href":"https:\/\/www.paparazzinews.com.br\/index.php?rest_route=\/wp\/v2\/posts"}],"about":[{"href":"https:\/\/www.paparazzinews.com.br\/index.php?rest_route=\/wp\/v2\/types\/post"}],"author":[{"embeddable":true,"href":"https:\/\/www.paparazzinews.com.br\/index.php?rest_route=\/wp\/v2\/users\/1"}],"replies":[{"embeddable":true,"href":"https:\/\/www.paparazzinews.com.br\/index.php?rest_route=%2Fwp%2Fv2%2Fcomments&post=8139"}],"version-history":[{"count":3,"href":"https:\/\/www.paparazzinews.com.br\/index.php?rest_route=\/wp\/v2\/posts\/8139\/revisions"}],"predecessor-version":[{"id":8143,"href":"https:\/\/www.paparazzinews.com.br\/index.php?rest_route=\/wp\/v2\/posts\/8139\/revisions\/8143"}],"wp:featuredmedia":[{"embeddable":true,"href":"https:\/\/www.paparazzinews.com.br\/index.php?rest_route=\/wp\/v2\/media\/8140"}],"wp:attachment":[{"href":"https:\/\/www.paparazzinews.com.br\/index.php?rest_route=%2Fwp%2Fv2%2Fmedia&parent=8139"}],"wp:term":[{"taxonomy":"category","embeddable":true,"href":"https:\/\/www.paparazzinews.com.br\/index.php?rest_route=%2Fwp%2Fv2%2Fcategories&post=8139"},{"taxonomy":"post_tag","embeddable":true,"href":"https:\/\/www.paparazzinews.com.br\/index.php?rest_route=%2Fwp%2Fv2%2Ftags&post=8139"}],"curies":[{"name":"wp","href":"https:\/\/api.w.org\/{rel}","templated":true}]}}