{"id":813,"date":"2022-09-26T20:36:27","date_gmt":"2022-09-26T23:36:27","guid":{"rendered":"https:\/\/www.paparazzinews.com.br\/?p=813"},"modified":"2022-09-26T20:36:41","modified_gmt":"2022-09-26T23:36:41","slug":"pais-tem-ate-dia-30-para-vacinar-criancas-contra-a-polio","status":"publish","type":"post","link":"https:\/\/www.paparazzinews.com.br\/?p=813","title":{"rendered":"Pais tem at\u00e9 dia 30 para vacinar crian\u00e7as contra a p\u00f3lio"},"content":{"rendered":"\n<p>Por conta da baixa ades\u00e3o dos grupos-alvo, e respectivamente os resultados alcan\u00e7ados de coberturas vacinais a Campanha Nacional de Vacina\u00e7\u00e3o contra a Poliomielite e Multivacina\u00e7\u00e3o para Atualiza\u00e7\u00e3o da Caderneta de Vacina\u00e7\u00e3o da Crian\u00e7a e do Adolescente foram at\u00e9 o dia 30 de setembro de 2022.<\/p>\n\n\n\n<p>At\u00e9 02 de setembro de 2022, dados preliminares mostram que foram vacinados 3.761.546 milh\u00f5es de crian\u00e7as menores de cinco anos de idade para a poliomielite, com uma cobertura vacinal alcan\u00e7ada de 32,5 %. Quanto \u00e0 Multivacina\u00e7\u00e3o para Atualiza\u00e7\u00e3o da Caderneta de Vacina\u00e7\u00e3o da Crian\u00e7a e do Adolescente menor de 15 anos de idade, foram vacinadas 537.252 pessoas em um total de 1.032.891 doses aplicadas.<\/p>\n\n\n\n<p>A meta de Vacina\u00e7\u00e3o \u00e9 de 95% Andradina est\u00e1 com 34%. \u201cPensando em atingir a meta as equipes de Sa\u00fade est\u00e3o indo at\u00e9 creches e escolas p vacinarem as crian\u00e7as que ainda n\u00e3o se vacinaram\u201d, explicou a Coordenadora de Aten\u00e7\u00e3o B\u00e1sica, Carla Back.<\/p>\n\n\n\n<p>Carla informou ainda que os pais, m\u00e3es e respons\u00e1veis ainda podem levar seus filhos at\u00e9 as Unidades de Sa\u00fade Leste (Santa Cec\u00edlia), Adilson Dantas (Jardim Europa) e Benfica no hor\u00e1rio das 8h \u00e0s 18h.<\/p>\n\n\n\n<p>A Secretaria de Sa\u00fade de Andradina alerta sobre a import\u00e2ncia e o benef\u00edcio da vacina\u00e7\u00e3o dos p\u00fablicos-alvo das campanhas, para a manuten\u00e7\u00e3o da elimina\u00e7\u00e3o da poliomielite, uma vez que a doen\u00e7a permanece como uma prioridade pol\u00edtica, nacional e internacional, e a erradica\u00e7\u00e3o s\u00f3 ser\u00e1 poss\u00edvel mediante esfor\u00e7os globais, e pela necessidade de proteger as crian\u00e7as e adolescentes contra as doen\u00e7as imunopreven\u00edveis e respectivamente melhorar as coberturas vacinais.<\/p>\n","protected":false},"excerpt":{"rendered":"<p>Por conta da baixa ades\u00e3o dos grupos-alvo, e respectivamente os resultados alcan\u00e7ados de coberturas vacinais a Campanha Nacional de Vacina\u00e7\u00e3o contra a Poliomielite e Multivacina\u00e7\u00e3o para Atualiza\u00e7\u00e3o da Caderneta de Vacina\u00e7\u00e3o da Crian\u00e7a e do Adolescente foram at\u00e9 o dia 30 de setembro de 2022. At\u00e9 02 de setembro de 2022, dados preliminares mostram que &hellip;<\/p>\n","protected":false},"author":1,"featured_media":814,"comment_status":"open","ping_status":"open","sticky":false,"template":"","format":"standard","meta":{"_jetpack_memberships_contains_paid_content":false,"footnotes":"","jetpack_publicize_message":"","jetpack_publicize_feature_enabled":true,"jetpack_social_post_already_shared":false,"jetpack_social_options":{"image_generator_settings":{"template":"highway","default_image_id":0,"enabled":false},"version":2}},"categories":[4],"tags":[],"class_list":["post-813","post","type-post","status-publish","format-standard","has-post-thumbnail","hentry","category-regiao"],"jetpack_publicize_connections":[],"jetpack_featured_media_url":"https:\/\/i0.wp.com\/www.paparazzinews.com.br\/wp-content\/uploads\/2022\/09\/c246235e-8a90-4de8-8338-1e424475cd4e.jpg?fit=720%2C713&ssl=1","views":"4567","jetpack_likes_enabled":true,"jetpack_sharing_enabled":true,"_links":{"self":[{"href":"https:\/\/www.paparazzinews.com.br\/index.php?rest_route=\/wp\/v2\/posts\/813","targetHints":{"allow":["GET"]}}],"collection":[{"href":"https:\/\/www.paparazzinews.com.br\/index.php?rest_route=\/wp\/v2\/posts"}],"about":[{"href":"https:\/\/www.paparazzinews.com.br\/index.php?rest_route=\/wp\/v2\/types\/post"}],"author":[{"embeddable":true,"href":"https:\/\/www.paparazzinews.com.br\/index.php?rest_route=\/wp\/v2\/users\/1"}],"replies":[{"embeddable":true,"href":"https:\/\/www.paparazzinews.com.br\/index.php?rest_route=%2Fwp%2Fv2%2Fcomments&post=813"}],"version-history":[{"count":1,"href":"https:\/\/www.paparazzinews.com.br\/index.php?rest_route=\/wp\/v2\/posts\/813\/revisions"}],"predecessor-version":[{"id":815,"href":"https:\/\/www.paparazzinews.com.br\/index.php?rest_route=\/wp\/v2\/posts\/813\/revisions\/815"}],"wp:featuredmedia":[{"embeddable":true,"href":"https:\/\/www.paparazzinews.com.br\/index.php?rest_route=\/wp\/v2\/media\/814"}],"wp:attachment":[{"href":"https:\/\/www.paparazzinews.com.br\/index.php?rest_route=%2Fwp%2Fv2%2Fmedia&parent=813"}],"wp:term":[{"taxonomy":"category","embeddable":true,"href":"https:\/\/www.paparazzinews.com.br\/index.php?rest_route=%2Fwp%2Fv2%2Fcategories&post=813"},{"taxonomy":"post_tag","embeddable":true,"href":"https:\/\/www.paparazzinews.com.br\/index.php?rest_route=%2Fwp%2Fv2%2Ftags&post=813"}],"curies":[{"name":"wp","href":"https:\/\/api.w.org\/{rel}","templated":true}]}}