{"id":8036,"date":"2024-01-30T16:37:42","date_gmt":"2024-01-30T19:37:42","guid":{"rendered":"https:\/\/www.paparazzinews.com.br\/?p=8036"},"modified":"2024-01-30T16:37:43","modified_gmt":"2024-01-30T19:37:43","slug":"crianca-de-7-anos-morre-em-acidente-envolvendo-caminhao","status":"publish","type":"post","link":"https:\/\/www.paparazzinews.com.br\/?p=8036","title":{"rendered":"Crian\u00e7a de 7 anos morre em acidente envolvendo caminh\u00e3o"},"content":{"rendered":"\n<p>Um acidente tr\u00e1gico na BR-153 de Jos\u00e9 Bonif\u00e1cio, na regi\u00e3o Metropolitana de S\u00e3o Jos\u00e9 do Rio Preto (SP), matou uma crian\u00e7a de 7 anos e deixou dois adultos gravemente feridos, na manh\u00e3 desta ter\u00e7a-feira (30). A batida foi registrada no quil\u00f4metro 114, no trecho onde obras s\u00e3o realizadas. A informa\u00e7\u00e3o \u00e9 do Sbtinterior.<br><br>De acordo com a Pol\u00edcia Rodovi\u00e1ria Federal, os ve\u00edculos estavam parados na pista, obedecendo a opera\u00e7\u00e3o das normas de tr\u00e2nsito. Um caminh\u00e3o de combust\u00edvel com tanque vazio estava parado na fila, com dois autom\u00f3veis atr\u00e1s. Um rodotrem de 30 metros, carregado com dois cont\u00eaineres vazios bateu na traseira dos autom\u00f3veis, prensando-os na traseira do caminh\u00e3o tanque.<\/p>\n\n\n\n<p>Em um dos ve\u00edculos, de Ubarana (SP), haviam dois ocupantes, que foram socorridos e levados para a Santa Casa de Jos\u00e9 Bonif\u00e1cio.<\/p>\n\n\n\n<p>No outro autom\u00f3vel, com placas de Promiss\u00e3o (SP), havia um casal e uma crian\u00e7a, que morreu no local do acidente. O casal ficou preso nas ferragens por 1h30. Ainda segundo a PRF, as apura\u00e7\u00f5es preliminares indicam que a \u00e1rea estava bem sinalizada.<\/p>\n\n\n\n<p>A pista ficou bloqueada nos dois sentidos. O tr\u00e2nsito seguiu fluindo lentamente pelo gramado da faixa de dom\u00ednio. Um dos ve\u00edculos ficou encarcerado na traseira do tanque.<\/p>\n\n\n\n<p>Os motoristas dos caminh\u00f5es passaram pelo teste do baf\u00f4metro, que apontou negativo para o uso de bebidas alco\u00f3licas.<\/p>\n\n\n\n<p>O corpo da crian\u00e7a foi levado para o Instituto M\u00e9dico Legal (IML).<\/p>\n\n\n\n<p><strong><em><strong><em><strong>Siga nossas redes sociais no\u00a0<a href=\"https:\/\/www.instagram.com\/ronipaparazzi\/\">Instagram\u00a0<\/a>e\u00a0<a href=\"https:\/\/www.facebook.com\/ronipaparazzicomvoce\">Facebook<\/a>\u00a0participe da nossa comunidade do Canal Roni Paparazzi no Whatsapp e receba as principais not\u00edcias do dia direto no seu celular.<\/strong>\u00a0<a href=\"https:\/\/chat.whatsapp.com\/GsG1XKo0jPOEfjzudWQcml\" target=\"_blank\" rel=\"noreferrer noopener\">\u00a0Clique aqui e se inscreva.<\/a><\/em><\/strong><\/em><\/strong><\/p>\n\n\n\n<p><a href=\"https:\/\/www.paparazzinews.com.br\/wp-admin\/post.php?post=8031&amp;action=edit\"><\/a><\/p>\n","protected":false},"excerpt":{"rendered":"<p>Um acidente tr\u00e1gico na BR-153 de Jos\u00e9 Bonif\u00e1cio, na regi\u00e3o Metropolitana de S\u00e3o Jos\u00e9 do Rio Preto (SP), matou uma crian\u00e7a de 7 anos e deixou dois adultos gravemente feridos, na manh\u00e3 desta ter\u00e7a-feira (30). A batida foi registrada no quil\u00f4metro 114, no trecho onde obras s\u00e3o realizadas. A informa\u00e7\u00e3o \u00e9 do Sbtinterior.De acordo com &hellip;<\/p>\n","protected":false},"author":1,"featured_media":8037,"comment_status":"open","ping_status":"open","sticky":false,"template":"","format":"standard","meta":{"_jetpack_memberships_contains_paid_content":false,"footnotes":"","jetpack_publicize_message":"","jetpack_publicize_feature_enabled":true,"jetpack_social_post_already_shared":false,"jetpack_social_options":{"image_generator_settings":{"template":"highway","default_image_id":0,"enabled":false},"version":2}},"categories":[3],"tags":[],"class_list":["post-8036","post","type-post","status-publish","format-standard","has-post-thumbnail","hentry","category-policial"],"jetpack_publicize_connections":[],"jetpack_featured_media_url":"https:\/\/i0.wp.com\/www.paparazzinews.com.br\/wp-content\/uploads\/2024\/01\/acidente-na-br-153-mata-crianca-de-7-anos-no-interior-de-sp-veja-video-300124_050835.jpg?fit=761%2C400&ssl=1","views":"5529","jetpack_likes_enabled":true,"jetpack_sharing_enabled":true,"_links":{"self":[{"href":"https:\/\/www.paparazzinews.com.br\/index.php?rest_route=\/wp\/v2\/posts\/8036","targetHints":{"allow":["GET"]}}],"collection":[{"href":"https:\/\/www.paparazzinews.com.br\/index.php?rest_route=\/wp\/v2\/posts"}],"about":[{"href":"https:\/\/www.paparazzinews.com.br\/index.php?rest_route=\/wp\/v2\/types\/post"}],"author":[{"embeddable":true,"href":"https:\/\/www.paparazzinews.com.br\/index.php?rest_route=\/wp\/v2\/users\/1"}],"replies":[{"embeddable":true,"href":"https:\/\/www.paparazzinews.com.br\/index.php?rest_route=%2Fwp%2Fv2%2Fcomments&post=8036"}],"version-history":[{"count":1,"href":"https:\/\/www.paparazzinews.com.br\/index.php?rest_route=\/wp\/v2\/posts\/8036\/revisions"}],"predecessor-version":[{"id":8038,"href":"https:\/\/www.paparazzinews.com.br\/index.php?rest_route=\/wp\/v2\/posts\/8036\/revisions\/8038"}],"wp:featuredmedia":[{"embeddable":true,"href":"https:\/\/www.paparazzinews.com.br\/index.php?rest_route=\/wp\/v2\/media\/8037"}],"wp:attachment":[{"href":"https:\/\/www.paparazzinews.com.br\/index.php?rest_route=%2Fwp%2Fv2%2Fmedia&parent=8036"}],"wp:term":[{"taxonomy":"category","embeddable":true,"href":"https:\/\/www.paparazzinews.com.br\/index.php?rest_route=%2Fwp%2Fv2%2Fcategories&post=8036"},{"taxonomy":"post_tag","embeddable":true,"href":"https:\/\/www.paparazzinews.com.br\/index.php?rest_route=%2Fwp%2Fv2%2Ftags&post=8036"}],"curies":[{"name":"wp","href":"https:\/\/api.w.org\/{rel}","templated":true}]}}