{"id":7998,"date":"2024-01-29T16:32:07","date_gmt":"2024-01-29T19:32:07","guid":{"rendered":"https:\/\/www.paparazzinews.com.br\/?p=7998"},"modified":"2024-01-29T16:32:08","modified_gmt":"2024-01-29T19:32:08","slug":"andradina-associacao-comercial-anuncia-nova-diretoria","status":"publish","type":"post","link":"https:\/\/www.paparazzinews.com.br\/?p=7998","title":{"rendered":"ANDRADINA: Associa\u00e7\u00e3o Comercial anuncia nova diretoria"},"content":{"rendered":"\n<p>O empres\u00e1rio S\u00e9rgio Ruella \u00e9 o novo presidente da Associa\u00e7\u00e3o Comercial e Industrial de Andradina. Ele e a nova diretoria foram empossados no \u00faltimo dia 25 em uma cerim\u00f4nia na C\u00e2mara Municipal de Andradina na presen\u00e7a de autoridades pol\u00edticas e forte participa\u00e7\u00e3o de comerciantes.v<\/p>\n\n\n\n<p>A posse foi conduzida pelo ex-presidente Maker Bento de Souza e contou com a presen\u00e7a do vice-prefeito Paulo Pereira Assis, do presidente da C\u00e2mara de Andradina, Lucas Lopes, dos vereadores Fabr\u00edcio Mazotti, Elaine Vogel, Hugo Zamboni, Andr\u00e9 Lopes e Luzimar Rodrigues, al\u00e9m do vice-presidente da FACESP (Federa\u00e7\u00e3o das Associa\u00e7\u00f5es Comerciais do Estado de S\u00e3o Paulo) Mauricio Pazian.<\/p>\n\n\n\n<p>Ao abrir seu discurso, Ruella disse que ir\u00e1 pautar seu trabalho na \u00e9tica e no respeito pela classe, participar de assuntos relevantes a toda a categoria, fazendo voz ante as autoridades n que se refere a mobilidade urbana, leis de incentivo e toda gama de assuntos que dizem respeito a economia e desenvolvimento do com\u00e9rcio e sobretudo manter um di\u00e1logo constante com os seus quase 600 associados.<\/p>\n\n\n\n<p>Em entrevista a imprensa, Ruella falou dos anos dif\u00edceis para o setor no per\u00edodo e p\u00f3s pandemia e que a meta \u00e9 resgatar as promo\u00e7\u00f5es e ventos antes promovidos pela ACIA. Ele disse estar seguro de que a Associa\u00e7\u00e3o Comercial ir\u00e1 superar as expectativas e assim contribuir decisivamente para o fortalecimento da economia andradinense.<\/p>\n\n\n\n<p><strong><em><strong><em><strong>Siga nossas redes sociais no <strong><a href=\"https:\/\/www.instagram.com\/ronipaparazzi\/\" data-type=\"link\" data-id=\"https:\/\/www.instagram.com\/ronipaparazzi\/\">Instagram <\/a> e <a href=\"https:\/\/www.facebook.com\/ronipaparazzicomvoce\" data-type=\"link\" data-id=\"https:\/\/www.facebook.com\/ronipaparazzicomvoce\">Facebook<\/a><\/strong> participe da nossa comunidade do Canal Roni Paparazzi no Whatsapp e receba as principais not\u00edcias do dia direto no seu celular.<\/strong>\u00a0<a href=\"https:\/\/chat.whatsapp.com\/GsG1XKo0jPOEfjzudWQcml\" target=\"_blank\" rel=\"noreferrer noopener\">\u00a0Clique aqui e se inscreva.<\/a><\/em><\/strong><\/em><\/strong> <\/p>\n","protected":false},"excerpt":{"rendered":"<p>O empres\u00e1rio S\u00e9rgio Ruella \u00e9 o novo presidente da Associa\u00e7\u00e3o Comercial e Industrial de Andradina. Ele e a nova diretoria foram empossados no \u00faltimo dia 25 em uma cerim\u00f4nia na C\u00e2mara Municipal de Andradina na presen\u00e7a de autoridades pol\u00edticas e forte participa\u00e7\u00e3o de comerciantes.v A posse foi conduzida pelo ex-presidente Maker Bento de Souza e &hellip;<\/p>\n","protected":false},"author":1,"featured_media":7999,"comment_status":"open","ping_status":"open","sticky":false,"template":"","format":"standard","meta":{"_jetpack_memberships_contains_paid_content":false,"footnotes":"","jetpack_publicize_message":"","jetpack_publicize_feature_enabled":true,"jetpack_social_post_already_shared":false,"jetpack_social_options":{"image_generator_settings":{"template":"highway","default_image_id":0,"enabled":false},"version":2}},"categories":[6],"tags":[],"class_list":["post-7998","post","type-post","status-publish","format-standard","has-post-thumbnail","hentry","category-entretenimento"],"jetpack_publicize_connections":[],"jetpack_featured_media_url":"https:\/\/i0.wp.com\/www.paparazzinews.com.br\/wp-content\/uploads\/2024\/01\/92eb8ae598a131a85320db42b1c45c52.jpg?fit=800%2C533&ssl=1","views":"1445","jetpack_likes_enabled":true,"jetpack_sharing_enabled":true,"_links":{"self":[{"href":"https:\/\/www.paparazzinews.com.br\/index.php?rest_route=\/wp\/v2\/posts\/7998","targetHints":{"allow":["GET"]}}],"collection":[{"href":"https:\/\/www.paparazzinews.com.br\/index.php?rest_route=\/wp\/v2\/posts"}],"about":[{"href":"https:\/\/www.paparazzinews.com.br\/index.php?rest_route=\/wp\/v2\/types\/post"}],"author":[{"embeddable":true,"href":"https:\/\/www.paparazzinews.com.br\/index.php?rest_route=\/wp\/v2\/users\/1"}],"replies":[{"embeddable":true,"href":"https:\/\/www.paparazzinews.com.br\/index.php?rest_route=%2Fwp%2Fv2%2Fcomments&post=7998"}],"version-history":[{"count":1,"href":"https:\/\/www.paparazzinews.com.br\/index.php?rest_route=\/wp\/v2\/posts\/7998\/revisions"}],"predecessor-version":[{"id":8000,"href":"https:\/\/www.paparazzinews.com.br\/index.php?rest_route=\/wp\/v2\/posts\/7998\/revisions\/8000"}],"wp:featuredmedia":[{"embeddable":true,"href":"https:\/\/www.paparazzinews.com.br\/index.php?rest_route=\/wp\/v2\/media\/7999"}],"wp:attachment":[{"href":"https:\/\/www.paparazzinews.com.br\/index.php?rest_route=%2Fwp%2Fv2%2Fmedia&parent=7998"}],"wp:term":[{"taxonomy":"category","embeddable":true,"href":"https:\/\/www.paparazzinews.com.br\/index.php?rest_route=%2Fwp%2Fv2%2Fcategories&post=7998"},{"taxonomy":"post_tag","embeddable":true,"href":"https:\/\/www.paparazzinews.com.br\/index.php?rest_route=%2Fwp%2Fv2%2Ftags&post=7998"}],"curies":[{"name":"wp","href":"https:\/\/api.w.org\/{rel}","templated":true}]}}