{"id":7949,"date":"2024-01-25T16:03:12","date_gmt":"2024-01-25T19:03:12","guid":{"rendered":"https:\/\/www.paparazzinews.com.br\/?p=7949"},"modified":"2024-01-25T16:03:13","modified_gmt":"2024-01-25T19:03:13","slug":"pf-investiga-exportacao-da-carga-de-cocaina-em-tratores","status":"publish","type":"post","link":"https:\/\/www.paparazzinews.com.br\/?p=7949","title":{"rendered":"PF investiga exporta\u00e7\u00e3o da carga de coca\u00edna em tratores"},"content":{"rendered":"\n<p>A Pol\u00edcia Federal cumpre, nesta quinta-feira (25), um mandado de busca e apreens\u00e3o em S\u00e3o Jos\u00e9 do Rio Preto (SP),\u00a0 durante a Opera\u00e7\u00e3o Degredo, deflagrada hoje em combate ao tr\u00e1fico internacional de drogas e associa\u00e7\u00e3o ao tr\u00e1fico. S\u00e3o tr\u00eas mandados de busca e apreens\u00e3o e tr\u00eas de pris\u00e3o preventiva, tamb\u00e9m na cidade de Santos, no litoral paulista. A informa\u00e7\u00e3o \u00e9 do Sbtinterior.<br><br>A investiga\u00e7\u00e3o teve in\u00edcio em junho de 2023, ap\u00f3s a apreens\u00e3o de aproximadamente 43kg de coca\u00edna escondidos dentro de um trator que estava programado para ser exportado para Portugal. Identificou-se que a empresa exportadora foi estabelecida por um grupo de portugueses, com a suposta colabora\u00e7\u00e3o de brasileiros. O objetivo era a exporta\u00e7\u00e3o de coca\u00edna para a Europa, disfar\u00e7ada em opera\u00e7\u00f5es comerciais leg\u00edtimas, utilizando m\u00e1quinas agr\u00edcolas como fachada.<\/p>\n\n\n\n<p>Ap\u00f3s a apreens\u00e3o inicial da droga, os tr\u00eas principais suspeitos evadiram-se do pa\u00eds. Contra eles, foram expedidos mandados de pris\u00e3o preventiva com a determina\u00e7\u00e3o de Difus\u00e3o Vermelha pela Interpol, sendo agora considerados fugitivos internacionais.<\/p>\n\n\n\n<p>O nome da opera\u00e7\u00e3o, &#8220;Degredo&#8221;, faz refer\u00eancia \u00e0 puni\u00e7\u00e3o prevista no corpo de leis portugu\u00eas, que consistia no envio de condenados para col\u00f4nias ou para as gal\u00e9s, onde cumpririam suas senten\u00e7as. O degredo era aplicado a pessoas condenadas aos mais diversos tipos de crimes pelos tribunais da Coroa ou da Inquisi\u00e7\u00e3o.<\/p>\n\n\n\n<p>A Pol\u00edcia Federal em Santos\/SP continua seu compromisso com a seguran\u00e7a nacional e a ordem p\u00fablica, mantendo vigil\u00e2ncia constante e efetuando a\u00e7\u00f5es decisivas contra o tr\u00e1fico de drogas e outras formas de crime organizado.<\/p>\n\n\n\n<p><strong><em><strong><em><strong>Participe da comunidade do Canal Roni Paparazzi no Whatsapp e receba as principais not\u00edcias do dia direto no seu celular.<\/strong>\u00a0<a href=\"https:\/\/chat.whatsapp.com\/GsG1XKo0jPOEfjzudWQcml\" target=\"_blank\" rel=\"noreferrer noopener\">\u00a0Clique aqui e se inscreva.<\/a><\/em><\/strong><\/em><\/strong><\/p>\n\n\n\n<p><a href=\"https:\/\/www.paparazzinews.com.br\/wp-admin\/post.php?post=7946&amp;action=edit\"><\/a><\/p>\n","protected":false},"excerpt":{"rendered":"<p>A Pol\u00edcia Federal cumpre, nesta quinta-feira (25), um mandado de busca e apreens\u00e3o em S\u00e3o Jos\u00e9 do Rio Preto (SP),\u00a0 durante a Opera\u00e7\u00e3o Degredo, deflagrada hoje em combate ao tr\u00e1fico internacional de drogas e associa\u00e7\u00e3o ao tr\u00e1fico. S\u00e3o tr\u00eas mandados de busca e apreens\u00e3o e tr\u00eas de pris\u00e3o preventiva, tamb\u00e9m na cidade de Santos, no &hellip;<\/p>\n","protected":false},"author":1,"featured_media":7950,"comment_status":"open","ping_status":"open","sticky":false,"template":"","format":"standard","meta":{"_jetpack_memberships_contains_paid_content":false,"footnotes":"","jetpack_publicize_message":"","jetpack_publicize_feature_enabled":true,"jetpack_social_post_already_shared":false,"jetpack_social_options":{"image_generator_settings":{"template":"highway","default_image_id":0,"enabled":false},"version":2}},"categories":[3],"tags":[],"class_list":["post-7949","post","type-post","status-publish","format-standard","has-post-thumbnail","hentry","category-policial"],"jetpack_publicize_connections":[],"jetpack_featured_media_url":"https:\/\/i0.wp.com\/www.paparazzinews.com.br\/wp-content\/uploads\/2024\/01\/pf-de-rio-preto-cumpre-mandado-em-operacao-que-investiga-exportacao-de-cocaina-em-maquinas-agricolas-250124_113930.jpg?fit=600%2C419&ssl=1","views":"3232","jetpack_likes_enabled":true,"jetpack_sharing_enabled":true,"_links":{"self":[{"href":"https:\/\/www.paparazzinews.com.br\/index.php?rest_route=\/wp\/v2\/posts\/7949","targetHints":{"allow":["GET"]}}],"collection":[{"href":"https:\/\/www.paparazzinews.com.br\/index.php?rest_route=\/wp\/v2\/posts"}],"about":[{"href":"https:\/\/www.paparazzinews.com.br\/index.php?rest_route=\/wp\/v2\/types\/post"}],"author":[{"embeddable":true,"href":"https:\/\/www.paparazzinews.com.br\/index.php?rest_route=\/wp\/v2\/users\/1"}],"replies":[{"embeddable":true,"href":"https:\/\/www.paparazzinews.com.br\/index.php?rest_route=%2Fwp%2Fv2%2Fcomments&post=7949"}],"version-history":[{"count":1,"href":"https:\/\/www.paparazzinews.com.br\/index.php?rest_route=\/wp\/v2\/posts\/7949\/revisions"}],"predecessor-version":[{"id":7951,"href":"https:\/\/www.paparazzinews.com.br\/index.php?rest_route=\/wp\/v2\/posts\/7949\/revisions\/7951"}],"wp:featuredmedia":[{"embeddable":true,"href":"https:\/\/www.paparazzinews.com.br\/index.php?rest_route=\/wp\/v2\/media\/7950"}],"wp:attachment":[{"href":"https:\/\/www.paparazzinews.com.br\/index.php?rest_route=%2Fwp%2Fv2%2Fmedia&parent=7949"}],"wp:term":[{"taxonomy":"category","embeddable":true,"href":"https:\/\/www.paparazzinews.com.br\/index.php?rest_route=%2Fwp%2Fv2%2Fcategories&post=7949"},{"taxonomy":"post_tag","embeddable":true,"href":"https:\/\/www.paparazzinews.com.br\/index.php?rest_route=%2Fwp%2Fv2%2Ftags&post=7949"}],"curies":[{"name":"wp","href":"https:\/\/api.w.org\/{rel}","templated":true}]}}