{"id":792,"date":"2022-09-23T20:24:52","date_gmt":"2022-09-23T23:24:52","guid":{"rendered":"https:\/\/www.paparazzinews.com.br\/?p=792"},"modified":"2022-09-23T20:24:54","modified_gmt":"2022-09-23T23:24:54","slug":"andradina-vai-ter-pa-carregadeira-e-academia","status":"publish","type":"post","link":"https:\/\/www.paparazzinews.com.br\/?p=792","title":{"rendered":"Andradina vai ter p\u00e1-carregadeira e academia"},"content":{"rendered":"\n<p>Um encontro entre o prefeito de Andradina, M\u00e1rio Celso Lopes e o vereador Rodarte dos Anjos oficializou a realiza\u00e7\u00e3o de um Conv\u00eanio, com o Minist\u00e9rio da Agricultura, Pecu\u00e1ria e Abastecimento, com emenda no valor de R$ 238.750,00. O dinheiro que ser\u00e1 complementado com contrapartida da Prefeitura de Andradina ser\u00e1 utilizada para a compra de uma p\u00e1-carregadeira para a frota rural de Andradina.<\/p>\n\n\n\n<p>\u201cA compra da p\u00e1-carregadeira j\u00e1 vai entrar em processo de licita\u00e7\u00e3o e vai ser mais um grande auxilio para a frota do almoxarifado. Esse maquin\u00e1rio nos auxiliar\u00e1 em diversas frentes de trabalho\u201d, disse o prefeito.<\/p>\n\n\n\n<p>A p\u00e1 carregadeira ser\u00e1 usada nos servi\u00e7os de manuten\u00e7\u00e3o de estradas e obras diversas. \u201cSem d\u00favida alguma, essa \u00e9 uma parceria muito boa. O deputado \u00e9 bastante atuante\u201d, afirmou M\u00e1rio Celso.<\/p>\n\n\n\n<p>O vereador aproveitou a ocasi\u00e3o para anunciar a conquista da implanta\u00e7\u00e3o de uma Academia ao Ar Livre no Assentamento Primavera. O equipamento foi um pedido resgatado pelo vereador.<\/p>\n\n\n\n<p>\u201cEu fico feliz porque a gente est\u00e1 fazendo parte dessa administra\u00e7\u00e3o que est\u00e1 mostrando para que veio e a gente junto trabalhando para melhorar cada vez mais Andradina\u201d, disse Rodarte dos Anjos.<\/p>\n","protected":false},"excerpt":{"rendered":"<p>Um encontro entre o prefeito de Andradina, M\u00e1rio Celso Lopes e o vereador Rodarte dos Anjos oficializou a realiza\u00e7\u00e3o de um Conv\u00eanio, com o Minist\u00e9rio da Agricultura, Pecu\u00e1ria e Abastecimento, com emenda no valor de R$ 238.750,00. O dinheiro que ser\u00e1 complementado com contrapartida da Prefeitura de Andradina ser\u00e1 utilizada para a compra de uma &hellip;<\/p>\n","protected":false},"author":1,"featured_media":793,"comment_status":"open","ping_status":"open","sticky":false,"template":"","format":"standard","meta":{"_jetpack_memberships_contains_paid_content":false,"footnotes":"","jetpack_publicize_message":"","jetpack_publicize_feature_enabled":true,"jetpack_social_post_already_shared":false,"jetpack_social_options":{"image_generator_settings":{"template":"highway","default_image_id":0,"enabled":false},"version":2}},"categories":[4],"tags":[],"class_list":["post-792","post","type-post","status-publish","format-standard","has-post-thumbnail","hentry","category-regiao"],"jetpack_publicize_connections":[],"jetpack_featured_media_url":"https:\/\/i0.wp.com\/www.paparazzinews.com.br\/wp-content\/uploads\/2022\/09\/75311054-06de-4725-a19f-c76a9143c44a-e1663975453456.jpg?fit=1000%2C607&ssl=1","views":"3419","jetpack_likes_enabled":true,"jetpack_sharing_enabled":true,"_links":{"self":[{"href":"https:\/\/www.paparazzinews.com.br\/index.php?rest_route=\/wp\/v2\/posts\/792","targetHints":{"allow":["GET"]}}],"collection":[{"href":"https:\/\/www.paparazzinews.com.br\/index.php?rest_route=\/wp\/v2\/posts"}],"about":[{"href":"https:\/\/www.paparazzinews.com.br\/index.php?rest_route=\/wp\/v2\/types\/post"}],"author":[{"embeddable":true,"href":"https:\/\/www.paparazzinews.com.br\/index.php?rest_route=\/wp\/v2\/users\/1"}],"replies":[{"embeddable":true,"href":"https:\/\/www.paparazzinews.com.br\/index.php?rest_route=%2Fwp%2Fv2%2Fcomments&post=792"}],"version-history":[{"count":1,"href":"https:\/\/www.paparazzinews.com.br\/index.php?rest_route=\/wp\/v2\/posts\/792\/revisions"}],"predecessor-version":[{"id":794,"href":"https:\/\/www.paparazzinews.com.br\/index.php?rest_route=\/wp\/v2\/posts\/792\/revisions\/794"}],"wp:featuredmedia":[{"embeddable":true,"href":"https:\/\/www.paparazzinews.com.br\/index.php?rest_route=\/wp\/v2\/media\/793"}],"wp:attachment":[{"href":"https:\/\/www.paparazzinews.com.br\/index.php?rest_route=%2Fwp%2Fv2%2Fmedia&parent=792"}],"wp:term":[{"taxonomy":"category","embeddable":true,"href":"https:\/\/www.paparazzinews.com.br\/index.php?rest_route=%2Fwp%2Fv2%2Fcategories&post=792"},{"taxonomy":"post_tag","embeddable":true,"href":"https:\/\/www.paparazzinews.com.br\/index.php?rest_route=%2Fwp%2Fv2%2Ftags&post=792"}],"curies":[{"name":"wp","href":"https:\/\/api.w.org\/{rel}","templated":true}]}}