{"id":786,"date":"2022-09-23T20:15:06","date_gmt":"2022-09-23T23:15:06","guid":{"rendered":"https:\/\/www.paparazzinews.com.br\/?p=786"},"modified":"2022-09-23T20:15:07","modified_gmt":"2022-09-23T23:15:07","slug":"zona-rural-de-andradina-ganha-lixeiras","status":"publish","type":"post","link":"https:\/\/www.paparazzinews.com.br\/?p=786","title":{"rendered":"Zona rural de Andradina ganha lixeiras"},"content":{"rendered":"\n<p>A Secretaria de Agricultura, Meio Ambiente, Produ\u00e7\u00e3o e Agricultura Familiar do Governo de Andradina, est\u00e1 concluindo a instala\u00e7\u00e3o de lixeiras nos pontos de coleta da Zona Rural. Este ser\u00e1 mais um suporte para organiza\u00e7\u00e3o da coleta de lixo produzido nas propriedades rurais do munic\u00edpio.<\/p>\n\n\n\n<p>Segundo a secret\u00e1ria Leila Rodrigues a iniciativa \u00e9 para conter o ac\u00famulo de res\u00edduos nas comunidades rurais do munic\u00edpio, evitando tamb\u00e9m a queima destes res\u00edduos. \u201cOs mesmos benef\u00edcios da cidade est\u00e3o sendo levados aos moradores do campo\u201d, disse.<\/p>\n\n\n\n<p>A coleta acontece uma vez por semana no Assentamento Fazenda Primavera, Assentamento Belo Monte, Assentamento Arizona, Assentamento Timbor\u00e9 Chico Mendes, Assentamento Timbor\u00e9 Liberdade e Assentamento Josu\u00e9 de Castro &#8211; Timborezinho.<\/p>\n\n\n\n<p>A coleta est\u00e1 sendo realizada pela Conservita, empresa que j\u00e1 \u00e9 respons\u00e1vel pela coleta do lixo produzido na zona urbana da cidade. \u00c9 parte do morador levar o lixo nos pontos de coleta localizado nos mesmos pontos de atendimento de sa\u00fade.<\/p>\n\n\n\n<p>A a\u00e7\u00e3o serve de est\u00edmulo para que os moradores rurais possam coletar e juntar os res\u00edduos recicl\u00e1veis em suas propriedades e depois levar a um dos pontos de coleta. A coleta desses res\u00edduos tamb\u00e9m vai contribuir com a diminui\u00e7\u00e3o dos focos de dengue e acidentes dom\u00e9sticos na zona rural.<\/p>\n\n\n\n<p>Segundo Leila Rodrigues essa coleta era uma reivindica\u00e7\u00e3o antiga das equipes de sa\u00fade rural que chegaram a fazer um abaixo assinado entre os moradores das \u00e1reas.<\/p>\n","protected":false},"excerpt":{"rendered":"<p>A Secretaria de Agricultura, Meio Ambiente, Produ\u00e7\u00e3o e Agricultura Familiar do Governo de Andradina, est\u00e1 concluindo a instala\u00e7\u00e3o de lixeiras nos pontos de coleta da Zona Rural. Este ser\u00e1 mais um suporte para organiza\u00e7\u00e3o da coleta de lixo produzido nas propriedades rurais do munic\u00edpio. Segundo a secret\u00e1ria Leila Rodrigues a iniciativa \u00e9 para conter o &hellip;<\/p>\n","protected":false},"author":1,"featured_media":787,"comment_status":"open","ping_status":"open","sticky":false,"template":"","format":"standard","meta":{"_jetpack_memberships_contains_paid_content":false,"footnotes":"","jetpack_publicize_message":"","jetpack_publicize_feature_enabled":true,"jetpack_social_post_already_shared":false,"jetpack_social_options":{"image_generator_settings":{"template":"highway","default_image_id":0,"enabled":false},"version":2}},"categories":[4],"tags":[],"class_list":["post-786","post","type-post","status-publish","format-standard","has-post-thumbnail","hentry","category-regiao"],"jetpack_publicize_connections":[],"jetpack_featured_media_url":"https:\/\/i0.wp.com\/www.paparazzinews.com.br\/wp-content\/uploads\/2022\/09\/da80d111-50c1-4af2-8eb3-1c78134a6a6d-e1663974885254.jpg?fit=1000%2C750&ssl=1","views":"3033","jetpack_likes_enabled":true,"jetpack_sharing_enabled":true,"_links":{"self":[{"href":"https:\/\/www.paparazzinews.com.br\/index.php?rest_route=\/wp\/v2\/posts\/786","targetHints":{"allow":["GET"]}}],"collection":[{"href":"https:\/\/www.paparazzinews.com.br\/index.php?rest_route=\/wp\/v2\/posts"}],"about":[{"href":"https:\/\/www.paparazzinews.com.br\/index.php?rest_route=\/wp\/v2\/types\/post"}],"author":[{"embeddable":true,"href":"https:\/\/www.paparazzinews.com.br\/index.php?rest_route=\/wp\/v2\/users\/1"}],"replies":[{"embeddable":true,"href":"https:\/\/www.paparazzinews.com.br\/index.php?rest_route=%2Fwp%2Fv2%2Fcomments&post=786"}],"version-history":[{"count":1,"href":"https:\/\/www.paparazzinews.com.br\/index.php?rest_route=\/wp\/v2\/posts\/786\/revisions"}],"predecessor-version":[{"id":788,"href":"https:\/\/www.paparazzinews.com.br\/index.php?rest_route=\/wp\/v2\/posts\/786\/revisions\/788"}],"wp:featuredmedia":[{"embeddable":true,"href":"https:\/\/www.paparazzinews.com.br\/index.php?rest_route=\/wp\/v2\/media\/787"}],"wp:attachment":[{"href":"https:\/\/www.paparazzinews.com.br\/index.php?rest_route=%2Fwp%2Fv2%2Fmedia&parent=786"}],"wp:term":[{"taxonomy":"category","embeddable":true,"href":"https:\/\/www.paparazzinews.com.br\/index.php?rest_route=%2Fwp%2Fv2%2Fcategories&post=786"},{"taxonomy":"post_tag","embeddable":true,"href":"https:\/\/www.paparazzinews.com.br\/index.php?rest_route=%2Fwp%2Fv2%2Ftags&post=786"}],"curies":[{"name":"wp","href":"https:\/\/api.w.org\/{rel}","templated":true}]}}