{"id":783,"date":"2022-09-23T19:57:32","date_gmt":"2022-09-23T22:57:32","guid":{"rendered":"https:\/\/www.paparazzinews.com.br\/?p=783"},"modified":"2022-09-23T19:57:34","modified_gmt":"2022-09-23T22:57:34","slug":"andradina-prepara-corrida-inclusiva","status":"publish","type":"post","link":"https:\/\/www.paparazzinews.com.br\/?p=783","title":{"rendered":"Andradina prepara corrida inclusiva"},"content":{"rendered":"\n<p>A 2\u00aa Corrida Terra do Rei do Gado ter\u00e1 uma etapa inclusiva. A corrida que foi um grande sucesso popular, reunindo 250 atletas de todas as partes em sua primeira edi\u00e7\u00e3o, tamb\u00e9m estar\u00e1 na vanguarda regional, sendo o pioneiro na realiza\u00e7\u00e3o de uma corrida inclusiva.<\/p>\n\n\n\n<p>A prova ser\u00e1 realizada em 16 de outubro numa disputa pelas principais vias de Andradina. J\u00e1 para os participantes da categoria inclusiva o trajeto ser\u00e1 de 2 km.<\/p>\n\n\n\n<p>A largada e linha de chegada ter\u00e3o como palco a avenida Guanabara de onde os corredores sair\u00e3o ao lado do Oeste Plaza Shoping seguindo em um contorno por ruas adjacentes. Nas provas convencionais ser\u00e3o uma e duas voltas num trajeto de 5 km.<\/p>\n\n\n\n<p>Segundo a professora Luciana Dehira, a corrida \u00e9 uma iniciativa da Funda\u00e7\u00e3o Educacional de Andradina atrav\u00e9s da Escola Superior de Educa\u00e7\u00e3o F\u00edsica de Andradina (ESEFA) e que conta com todo o apoio e suporte da Secretaria de Esportes, Cultura, Lazer e Juventude.<\/p>\n\n\n\n<p>\u201c\u00c9 a primeira vez que vamos fazer essa modalidade. Ainda n\u00e3o tem uma regra limitadora com rela\u00e7\u00e3o \u00e0 dist\u00e2ncia. Tem participante que quer correr 5km e tem participante que vai fazer 1km. Tudo vai depender da dificuldade\u201d, explicou Luciana Dehira.<\/p>\n","protected":false},"excerpt":{"rendered":"<p>A 2\u00aa Corrida Terra do Rei do Gado ter\u00e1 uma etapa inclusiva. A corrida que foi um grande sucesso popular, reunindo 250 atletas de todas as partes em sua primeira edi\u00e7\u00e3o, tamb\u00e9m estar\u00e1 na vanguarda regional, sendo o pioneiro na realiza\u00e7\u00e3o de uma corrida inclusiva. A prova ser\u00e1 realizada em 16 de outubro numa disputa &hellip;<\/p>\n","protected":false},"author":1,"featured_media":784,"comment_status":"open","ping_status":"open","sticky":false,"template":"","format":"standard","meta":{"_jetpack_memberships_contains_paid_content":false,"footnotes":"","jetpack_publicize_message":"","jetpack_publicize_feature_enabled":true,"jetpack_social_post_already_shared":false,"jetpack_social_options":{"image_generator_settings":{"template":"highway","default_image_id":0,"enabled":false},"version":2}},"categories":[6],"tags":[],"class_list":["post-783","post","type-post","status-publish","format-standard","has-post-thumbnail","hentry","category-entretenimento"],"jetpack_publicize_connections":[],"jetpack_featured_media_url":"https:\/\/i0.wp.com\/www.paparazzinews.com.br\/wp-content\/uploads\/2022\/09\/bce5742b-1288-4f1c-ac1e-24e21893a6c4.jpg?fit=800%2C598&ssl=1","views":"2907","jetpack_likes_enabled":true,"jetpack_sharing_enabled":true,"_links":{"self":[{"href":"https:\/\/www.paparazzinews.com.br\/index.php?rest_route=\/wp\/v2\/posts\/783","targetHints":{"allow":["GET"]}}],"collection":[{"href":"https:\/\/www.paparazzinews.com.br\/index.php?rest_route=\/wp\/v2\/posts"}],"about":[{"href":"https:\/\/www.paparazzinews.com.br\/index.php?rest_route=\/wp\/v2\/types\/post"}],"author":[{"embeddable":true,"href":"https:\/\/www.paparazzinews.com.br\/index.php?rest_route=\/wp\/v2\/users\/1"}],"replies":[{"embeddable":true,"href":"https:\/\/www.paparazzinews.com.br\/index.php?rest_route=%2Fwp%2Fv2%2Fcomments&post=783"}],"version-history":[{"count":1,"href":"https:\/\/www.paparazzinews.com.br\/index.php?rest_route=\/wp\/v2\/posts\/783\/revisions"}],"predecessor-version":[{"id":785,"href":"https:\/\/www.paparazzinews.com.br\/index.php?rest_route=\/wp\/v2\/posts\/783\/revisions\/785"}],"wp:featuredmedia":[{"embeddable":true,"href":"https:\/\/www.paparazzinews.com.br\/index.php?rest_route=\/wp\/v2\/media\/784"}],"wp:attachment":[{"href":"https:\/\/www.paparazzinews.com.br\/index.php?rest_route=%2Fwp%2Fv2%2Fmedia&parent=783"}],"wp:term":[{"taxonomy":"category","embeddable":true,"href":"https:\/\/www.paparazzinews.com.br\/index.php?rest_route=%2Fwp%2Fv2%2Fcategories&post=783"},{"taxonomy":"post_tag","embeddable":true,"href":"https:\/\/www.paparazzinews.com.br\/index.php?rest_route=%2Fwp%2Fv2%2Ftags&post=783"}],"curies":[{"name":"wp","href":"https:\/\/api.w.org\/{rel}","templated":true}]}}