{"id":780,"date":"2022-09-23T19:53:15","date_gmt":"2022-09-23T22:53:15","guid":{"rendered":"https:\/\/www.paparazzinews.com.br\/?p=780"},"modified":"2022-09-23T19:53:17","modified_gmt":"2022-09-23T22:53:17","slug":"cantor-andradinense-faz-participacao-no-japao","status":"publish","type":"post","link":"https:\/\/www.paparazzinews.com.br\/?p=780","title":{"rendered":"Cantor andradinense faz participa\u00e7\u00e3o no Jap\u00e3o"},"content":{"rendered":"\n<p>A participa\u00e7\u00e3o do andradinense Danilo Arruda no Brazilian Day \u2013 Hamamatsu (Jap\u00e3o) fez o publico render-se ao rock, endo um dos momentos mais interativos do evento realizado no in\u00edcio do m\u00eas. O Brazilian Day \u00e9 a mais importante manifesta\u00e7\u00e3o cultural da col\u00f4nia brasileira no Jap\u00e3o.<\/p>\n\n\n\n<p>Esta foi a primeira vez da realiza\u00e7\u00e3o do evento em Hamamatsu, uma das maiores concentra\u00e7\u00f5es de brasileiros naquele pa\u00eds. O evento reuniu cerca de 25 mil pessoas durante os dois dias de festa, movimentando setores do com\u00e9rcio e turismo da regi\u00e3o, com 20 horas de shows, com mais de 30 atra\u00e7\u00f5es art\u00edsticas e culturais do Brasil.<\/p>\n\n\n\n<p>No palco, dentre as in\u00fameras manifesta\u00e7\u00f5es culturais de v\u00e1rias regi\u00f5es do Brasil, o musico andradinense levou os presentes ao del\u00edrio com muito rock nacional e internacional. \u201cPreparamos um repert\u00f3rio com muito carinho para comemorar juntos com os brasileiros os 200 anos de Independ\u00eancia do Brasil. Independ\u00eancia ou rock\u201d, disse.<\/p>\n\n\n\n<p>Danilo, esportista brasileiro, que foi membro da sele\u00e7\u00e3o brasileira de baseball, vive no Jap\u00e3o a realiza\u00e7\u00e3o de um sonho de ter uma vida plena no pa\u00eds no qual a cultura o atraiu. Ele vive da m\u00fasica e gastronomia, possuindo um foodtruck (Dan\u00b4s Burguer) popular na comunidade brasileira.<\/p>\n\n\n\n<p>O convidado especial foi Toni Garrido, encerrou a festividade com uma grande apresenta\u00e7\u00e3o que durou quase duas horas. O cantor que est\u00e1 no Jap\u00e3o pela sexta vez, animou o p\u00fablico que cantaram juntos seus sucessos.<\/p>\n\n\n\n<p><strong>Confira os melhores momentos em:<\/strong><\/p>\n\n\n\n<figure class=\"wp-block-embed is-type-video is-provider-youtube wp-block-embed-youtube wp-embed-aspect-16-9 wp-has-aspect-ratio\"><div class=\"wp-block-embed__wrapper\">\n<iframe loading=\"lazy\" title=\"Danilo Arruda e Banda no Brazilian Day  [VIDEO 360\u00ba]\" width=\"708\" height=\"398\" src=\"https:\/\/www.youtube.com\/embed\/K8PBBq8PpCQ?feature=oembed\" frameborder=\"0\" allow=\"accelerometer; autoplay; clipboard-write; encrypted-media; gyroscope; picture-in-picture\" allowfullscreen><\/iframe>\n<\/div><\/figure>\n","protected":false},"excerpt":{"rendered":"<p>A participa\u00e7\u00e3o do andradinense Danilo Arruda no Brazilian Day \u2013 Hamamatsu (Jap\u00e3o) fez o publico render-se ao rock, endo um dos momentos mais interativos do evento realizado no in\u00edcio do m\u00eas. O Brazilian Day \u00e9 a mais importante manifesta\u00e7\u00e3o cultural da col\u00f4nia brasileira no Jap\u00e3o. Esta foi a primeira vez da realiza\u00e7\u00e3o do evento em &hellip;<\/p>\n","protected":false},"author":1,"featured_media":781,"comment_status":"open","ping_status":"open","sticky":false,"template":"","format":"standard","meta":{"_jetpack_memberships_contains_paid_content":false,"footnotes":"","jetpack_publicize_message":"","jetpack_publicize_feature_enabled":true,"jetpack_social_post_already_shared":false,"jetpack_social_options":{"image_generator_settings":{"template":"highway","default_image_id":0,"enabled":false},"version":2}},"categories":[4],"tags":[],"class_list":["post-780","post","type-post","status-publish","format-standard","has-post-thumbnail","hentry","category-regiao"],"jetpack_publicize_connections":[],"jetpack_featured_media_url":"https:\/\/i0.wp.com\/www.paparazzinews.com.br\/wp-content\/uploads\/2022\/09\/824cea7a-7716-4530-8e24-c789d2c8d785-e1663973551949.jpg?fit=1000%2C750&ssl=1","views":"3420","jetpack_likes_enabled":true,"jetpack_sharing_enabled":true,"_links":{"self":[{"href":"https:\/\/www.paparazzinews.com.br\/index.php?rest_route=\/wp\/v2\/posts\/780","targetHints":{"allow":["GET"]}}],"collection":[{"href":"https:\/\/www.paparazzinews.com.br\/index.php?rest_route=\/wp\/v2\/posts"}],"about":[{"href":"https:\/\/www.paparazzinews.com.br\/index.php?rest_route=\/wp\/v2\/types\/post"}],"author":[{"embeddable":true,"href":"https:\/\/www.paparazzinews.com.br\/index.php?rest_route=\/wp\/v2\/users\/1"}],"replies":[{"embeddable":true,"href":"https:\/\/www.paparazzinews.com.br\/index.php?rest_route=%2Fwp%2Fv2%2Fcomments&post=780"}],"version-history":[{"count":1,"href":"https:\/\/www.paparazzinews.com.br\/index.php?rest_route=\/wp\/v2\/posts\/780\/revisions"}],"predecessor-version":[{"id":782,"href":"https:\/\/www.paparazzinews.com.br\/index.php?rest_route=\/wp\/v2\/posts\/780\/revisions\/782"}],"wp:featuredmedia":[{"embeddable":true,"href":"https:\/\/www.paparazzinews.com.br\/index.php?rest_route=\/wp\/v2\/media\/781"}],"wp:attachment":[{"href":"https:\/\/www.paparazzinews.com.br\/index.php?rest_route=%2Fwp%2Fv2%2Fmedia&parent=780"}],"wp:term":[{"taxonomy":"category","embeddable":true,"href":"https:\/\/www.paparazzinews.com.br\/index.php?rest_route=%2Fwp%2Fv2%2Fcategories&post=780"},{"taxonomy":"post_tag","embeddable":true,"href":"https:\/\/www.paparazzinews.com.br\/index.php?rest_route=%2Fwp%2Fv2%2Ftags&post=780"}],"curies":[{"name":"wp","href":"https:\/\/api.w.org\/{rel}","templated":true}]}}