{"id":7755,"date":"2024-01-16T13:43:04","date_gmt":"2024-01-16T16:43:04","guid":{"rendered":"https:\/\/www.paparazzinews.com.br\/?p=7755"},"modified":"2024-01-16T13:43:05","modified_gmt":"2024-01-16T16:43:05","slug":"homem-de-23-anos-procurado-da-justica-e-preso-pela-forca-tatica-de-tres-lagoas","status":"publish","type":"post","link":"https:\/\/www.paparazzinews.com.br\/?p=7755","title":{"rendered":"Homem de 23 anos procurado da Justi\u00e7a \u00e9 preso pela For\u00e7a T\u00e1tica de Tr\u00eas Lagoas"},"content":{"rendered":"\n<p>Tr\u00eas Lagoas\/MS, no dia 13 de janeiro os policiais militares do 2\u00ba Batalh\u00e3o de Pol\u00edcia Militar realizaram o cumprimento de um mandado de pris\u00e3o.<\/p>\n\n\n\n<p>Neste s\u00e1bado, por volta das 19h, uma guarni\u00e7\u00e3o da For\u00e7a T\u00e1tica do 2\u00ba BPM ao tomar conhecimento que um indiv\u00edduo de 23 anos, conhecido nos meios policiais pela pr\u00e1tica de crimes, estaria com um mandado de pris\u00e3o expedido pela 1\u00aa Vara C\u00edvel de Tr\u00eas Lagoas em seu desfavor, os policiais militares deslocaram em dilig\u00eancias, quando no residencial Alexander Ricardo, no bairro Novo Oeste, lograram \u00eaxito em sua localiza\u00e7\u00e3o e abordagem.<\/p>\n\n\n\n<p>Ap\u00f3s ser dada voz de pris\u00e3o o abordado foi conduzido at\u00e9 a Delegacia de Pol\u00edcia onde foi entregue.<\/p>\n\n\n\n<p><strong><em><strong><em><strong>Participe da comunidade do Canal Roni Paparazzi no Whatsapp e receba as principais not\u00edcias do dia direto no seu celular.<\/strong>\u00a0<a href=\"https:\/\/chat.whatsapp.com\/GsG1XKo0jPOEfjzudWQcml\" target=\"_blank\" rel=\"noreferrer noopener\">\u00a0Clique aqui e se inscreva.<\/a><\/em><\/strong><\/em><\/strong><\/p>\n\n\n\n<p><a href=\"https:\/\/www.paparazzinews.com.br\/wp-admin\/post.php?post=7752&amp;action=edit\"><\/a><\/p>\n","protected":false},"excerpt":{"rendered":"<p>Tr\u00eas Lagoas\/MS, no dia 13 de janeiro os policiais militares do 2\u00ba Batalh\u00e3o de Pol\u00edcia Militar realizaram o cumprimento de um mandado de pris\u00e3o. Neste s\u00e1bado, por volta das 19h, uma guarni\u00e7\u00e3o da For\u00e7a T\u00e1tica do 2\u00ba BPM ao tomar conhecimento que um indiv\u00edduo de 23 anos, conhecido nos meios policiais pela pr\u00e1tica de crimes, &hellip;<\/p>\n","protected":false},"author":1,"featured_media":7756,"comment_status":"open","ping_status":"open","sticky":false,"template":"","format":"standard","meta":{"_jetpack_memberships_contains_paid_content":false,"footnotes":"","jetpack_publicize_message":"","jetpack_publicize_feature_enabled":true,"jetpack_social_post_already_shared":false,"jetpack_social_options":{"image_generator_settings":{"template":"highway","default_image_id":0,"enabled":false},"version":2}},"categories":[3],"tags":[],"class_list":["post-7755","post","type-post","status-publish","format-standard","has-post-thumbnail","hentry","category-policial"],"jetpack_publicize_connections":[],"jetpack_featured_media_url":"https:\/\/i0.wp.com\/www.paparazzinews.com.br\/wp-content\/uploads\/2024\/01\/Snapinsta.app_419491341_1155928062479297_331824648313638002_n_1080.jpg?fit=768%2C768&ssl=1","views":"1262","jetpack_likes_enabled":true,"jetpack_sharing_enabled":true,"_links":{"self":[{"href":"https:\/\/www.paparazzinews.com.br\/index.php?rest_route=\/wp\/v2\/posts\/7755","targetHints":{"allow":["GET"]}}],"collection":[{"href":"https:\/\/www.paparazzinews.com.br\/index.php?rest_route=\/wp\/v2\/posts"}],"about":[{"href":"https:\/\/www.paparazzinews.com.br\/index.php?rest_route=\/wp\/v2\/types\/post"}],"author":[{"embeddable":true,"href":"https:\/\/www.paparazzinews.com.br\/index.php?rest_route=\/wp\/v2\/users\/1"}],"replies":[{"embeddable":true,"href":"https:\/\/www.paparazzinews.com.br\/index.php?rest_route=%2Fwp%2Fv2%2Fcomments&post=7755"}],"version-history":[{"count":1,"href":"https:\/\/www.paparazzinews.com.br\/index.php?rest_route=\/wp\/v2\/posts\/7755\/revisions"}],"predecessor-version":[{"id":7757,"href":"https:\/\/www.paparazzinews.com.br\/index.php?rest_route=\/wp\/v2\/posts\/7755\/revisions\/7757"}],"wp:featuredmedia":[{"embeddable":true,"href":"https:\/\/www.paparazzinews.com.br\/index.php?rest_route=\/wp\/v2\/media\/7756"}],"wp:attachment":[{"href":"https:\/\/www.paparazzinews.com.br\/index.php?rest_route=%2Fwp%2Fv2%2Fmedia&parent=7755"}],"wp:term":[{"taxonomy":"category","embeddable":true,"href":"https:\/\/www.paparazzinews.com.br\/index.php?rest_route=%2Fwp%2Fv2%2Fcategories&post=7755"},{"taxonomy":"post_tag","embeddable":true,"href":"https:\/\/www.paparazzinews.com.br\/index.php?rest_route=%2Fwp%2Fv2%2Ftags&post=7755"}],"curies":[{"name":"wp","href":"https:\/\/api.w.org\/{rel}","templated":true}]}}