{"id":7697,"date":"2024-01-12T16:07:16","date_gmt":"2024-01-12T19:07:16","guid":{"rendered":"https:\/\/www.paparazzinews.com.br\/?p=7697"},"modified":"2024-01-12T16:07:17","modified_gmt":"2024-01-12T19:07:17","slug":"paulo-boaventura-prestigia-posse-dos-conselheiros-tutelares","status":"publish","type":"post","link":"https:\/\/www.paparazzinews.com.br\/?p=7697","title":{"rendered":"Paulo Boaventura prestigia posse dos conselheiros tutelares"},"content":{"rendered":"\n<p>Na manh\u00e3 de quarta-feira (10), o Plen\u00e1rio da C\u00e2mara Municipal de Castilho foi palco de um momento solene e significativo para a comunidade. Cinco conselheiros tutelares foram empossados e diplomados, prontos para exercerem suas fun\u00e7\u00f5es na prote\u00e7\u00e3o dos direitos das crian\u00e7as e adolescentes nos pr\u00f3ximos 4 anos.<\/p>\n\n\n\n<p>A mesa de honra foi composta por autoridades de destaque, entre elas o prefeito Paulo Boaventura, o vereador e presidente da C\u00e2mara, Ailton Pereira de Souza, o presidente do Conselho Municipal dos Direitos da Crian\u00e7a e do Adolescente de Castilho, Rafael Augusto Martins Damianci, a Secret\u00e1ria Municipal de Assist\u00eancia Social e Cidadania, Raquel da Silva Jorge Gregolin, al\u00e9m da primeira-dama Edileuza Boaventura.<\/p>\n\n\n\n<p>Os conselheiros empossados foram Jair da Silva Lima, Adriana Aparecida dos Santos Nunes, Lucas da Silva Verga, Marisa Gomes da Silva Lima e Dayane Gomes Fortunato. O juramento solene, representando o comprometimento com a causa, foi proferido por Jair, sendo seguido pelos demais eleitos.<\/p>\n\n\n\n<p>O evento contou com a expressiva presen\u00e7a de amigos e familiares dos conselheiros, assim como de secret\u00e1rios municipais e vereadores, incluindo &#8221;Ti\u00e3o Japon\u00eas&#8221;, &#8221;Chic\u00e3o da Central&#8221;, Sam Borges e Itamar Vieira.<\/p>\n\n\n\n<p>Destacando o compromisso da gest\u00e3o com a prote\u00e7\u00e3o infantojuvenil, o prefeito Paulo Boaventura saudou os eleitos, enaltecendo a import\u00e2ncia do papel desempenhado pelo Conselho Tutelar. Rafael Augusto Martins Damianci, presidente do Conselho Municipal dos Direitos da Crian\u00e7a e do Adolescente, tamb\u00e9m dirigiu palavras de est\u00edmulo aos conselheiros e agradeceu o empenho da comunidade na elei\u00e7\u00e3o.<\/p>\n\n\n\n<p>A posse dos conselheiros tutelares \u00e9 resultado do pleito realizado em 29 de outubro do ano passado, refletindo o comprometimento democr\u00e1tico da popula\u00e7\u00e3o de Castilho na escolha dos representantes que zelar\u00e3o pelos direitos fundamentais das crian\u00e7as e adolescentes.<\/p>\n\n\n\n<p><strong><em><strong><em><strong>Participe da comunidade do Canal Roni Paparazzi no Whatsapp e receba as principais not\u00edcias do dia direto no seu celular.<\/strong>\u00a0<a href=\"https:\/\/chat.whatsapp.com\/GsG1XKo0jPOEfjzudWQcml\" target=\"_blank\" rel=\"noreferrer noopener\">\u00a0Clique aqui e se inscreva.<\/a><\/em><\/strong><\/em><\/strong><\/p>\n","protected":false},"excerpt":{"rendered":"<p>Na manh\u00e3 de quarta-feira (10), o Plen\u00e1rio da C\u00e2mara Municipal de Castilho foi palco de um momento solene e significativo para a comunidade. Cinco conselheiros tutelares foram empossados e diplomados, prontos para exercerem suas fun\u00e7\u00f5es na prote\u00e7\u00e3o dos direitos das crian\u00e7as e adolescentes nos pr\u00f3ximos 4 anos. A mesa de honra foi composta por autoridades &hellip;<\/p>\n","protected":false},"author":1,"featured_media":7698,"comment_status":"open","ping_status":"open","sticky":false,"template":"","format":"standard","meta":{"_jetpack_memberships_contains_paid_content":false,"footnotes":"","jetpack_publicize_message":"","jetpack_publicize_feature_enabled":true,"jetpack_social_post_already_shared":false,"jetpack_social_options":{"image_generator_settings":{"template":"highway","default_image_id":0,"enabled":false},"version":2}},"categories":[6],"tags":[],"class_list":["post-7697","post","type-post","status-publish","format-standard","has-post-thumbnail","hentry","category-entretenimento"],"jetpack_publicize_connections":[],"jetpack_featured_media_url":"https:\/\/i0.wp.com\/www.paparazzinews.com.br\/wp-content\/uploads\/2024\/01\/f2ac0f92-4b6c-4ca7-b780-aab75ff4a611-e1705086419176.jpg?fit=1000%2C666&ssl=1","views":"1318","jetpack_likes_enabled":true,"jetpack_sharing_enabled":true,"_links":{"self":[{"href":"https:\/\/www.paparazzinews.com.br\/index.php?rest_route=\/wp\/v2\/posts\/7697","targetHints":{"allow":["GET"]}}],"collection":[{"href":"https:\/\/www.paparazzinews.com.br\/index.php?rest_route=\/wp\/v2\/posts"}],"about":[{"href":"https:\/\/www.paparazzinews.com.br\/index.php?rest_route=\/wp\/v2\/types\/post"}],"author":[{"embeddable":true,"href":"https:\/\/www.paparazzinews.com.br\/index.php?rest_route=\/wp\/v2\/users\/1"}],"replies":[{"embeddable":true,"href":"https:\/\/www.paparazzinews.com.br\/index.php?rest_route=%2Fwp%2Fv2%2Fcomments&post=7697"}],"version-history":[{"count":1,"href":"https:\/\/www.paparazzinews.com.br\/index.php?rest_route=\/wp\/v2\/posts\/7697\/revisions"}],"predecessor-version":[{"id":7699,"href":"https:\/\/www.paparazzinews.com.br\/index.php?rest_route=\/wp\/v2\/posts\/7697\/revisions\/7699"}],"wp:featuredmedia":[{"embeddable":true,"href":"https:\/\/www.paparazzinews.com.br\/index.php?rest_route=\/wp\/v2\/media\/7698"}],"wp:attachment":[{"href":"https:\/\/www.paparazzinews.com.br\/index.php?rest_route=%2Fwp%2Fv2%2Fmedia&parent=7697"}],"wp:term":[{"taxonomy":"category","embeddable":true,"href":"https:\/\/www.paparazzinews.com.br\/index.php?rest_route=%2Fwp%2Fv2%2Fcategories&post=7697"},{"taxonomy":"post_tag","embeddable":true,"href":"https:\/\/www.paparazzinews.com.br\/index.php?rest_route=%2Fwp%2Fv2%2Ftags&post=7697"}],"curies":[{"name":"wp","href":"https:\/\/api.w.org\/{rel}","templated":true}]}}