{"id":7694,"date":"2024-01-12T16:04:25","date_gmt":"2024-01-12T19:04:25","guid":{"rendered":"https:\/\/www.paparazzinews.com.br\/?p=7694"},"modified":"2024-01-12T16:04:26","modified_gmt":"2024-01-12T19:04:26","slug":"lucas-lopes-destaca-a-importancia-de-geracao-de-empregos","status":"publish","type":"post","link":"https:\/\/www.paparazzinews.com.br\/?p=7694","title":{"rendered":"Lucas Lopes destaca a import\u00e2ncia de gera\u00e7\u00e3o de empregos"},"content":{"rendered":"\n<p>O vereador e presidente da C\u00e2mara de Andradina, Lucas Furlan Lopes (PSDB), defende que a melhora do cen\u00e1rio econ\u00f4mico de Andradina passa necessariamente por uma pol\u00edtica p\u00fablica que una apoio aos investidores locais, qualifica\u00e7\u00e3o profissional e capta\u00e7\u00e3o de novas empresas. Ele disse que para isso, \u00e9 necess\u00e1rio que os setores p\u00fablico e privado trabalhem em conjunto neste ano de 2024<br>Lucas Lopes destaca ainda a import\u00e2ncia da uni\u00e3o entre os poderes Legislativo e Executivo para atrair empresas e fomentar a cria\u00e7\u00e3o de empregos. <\/p>\n\n\n\n<p>&#8220;Acreditamos que a parceria entre os dois poderes \u00e9 fundamental para fortalecer a economia local. Trabalhamos de forma integrada para criar um ambiente favor\u00e1vel aos neg\u00f3cios e estimular a gera\u00e7\u00e3o de empregos em Andradina&#8221;, afirmou o vereador.<\/p>\n\n\n\n<p>Ele real\u00e7ou que o munic\u00edpio teve resultados positivos em 2023, mas que poder\u00e1 melhorar seu desempenho neste novo ano que se inicia. Lucas exemplificou que no per\u00edodo de janeiro a novembro do ano passado, foram registradas 9,6 mil admiss\u00f5es formais e 7,7 mil desligamentos em Andradina, resultando em um saldo positivo de 1.899 novos postos de trabalho. \u201cEste desempenho supera o do ano anterior, quando o saldo foi de 927 empregos. Mas, nosso desafio para agora \u00e9 ir mais al\u00e9m. E com todo juntos, podemos fazer isso\u201d, destacou.<\/p>\n\n\n\n<p>O vereador comentou ainda o crescimento do n\u00famero de empresas no munic\u00edpio. At\u00e9 dezembro de 2023, foram registradas 259 novas empresas em Andradina, sendo que 23 delas atuam no ambiente virtual. No \u00faltimo m\u00eas, 17 novas empresas se instalaram, sendo tr\u00eas com atua\u00e7\u00e3o online.<\/p>\n\n\n\n<p>\u201cO que proponho \u00e9 que a C\u00e2mara e os demais setores, p\u00fablicos e privados, se unam para a gente abrir novas oportunidades aos investidores, dando a eles todo apoio necess\u00e1rio. Apoiamos iniciativas que incentivem os empreendedores locais a expandir seus neg\u00f3cios, gerando mais empregos e contribuindo para o crescimento sustent\u00e1vel de Andradina\u201d, explicou.<\/p>\n\n\n\n<p>Lucas Lopes enfatizou a import\u00e2ncia de pol\u00edticas que estimulem a qualifica\u00e7\u00e3o da m\u00e3o de obra local, tornando-a mais atrativa para investidores. &#8220;Investimos em programas de capacita\u00e7\u00e3o e forma\u00e7\u00e3o profissional para garantir que nossa popula\u00e7\u00e3o esteja preparada para ocupar as oportunidades geradas pelo desenvolvimento econ\u00f4mico do munic\u00edpio&#8221;, disse o vereador.<\/p>\n\n\n\n<p><strong><em><strong><em><strong>Participe da comunidade do Canal Roni Paparazzi no Whatsapp e receba as principais not\u00edcias do dia direto no seu celular.<\/strong>\u00a0<a href=\"https:\/\/chat.whatsapp.com\/GsG1XKo0jPOEfjzudWQcml\" target=\"_blank\" rel=\"noreferrer noopener\">\u00a0Clique aqui e se inscreva.<\/a><\/em><\/strong><\/em><\/strong><\/p>\n","protected":false},"excerpt":{"rendered":"<p>O vereador e presidente da C\u00e2mara de Andradina, Lucas Furlan Lopes (PSDB), defende que a melhora do cen\u00e1rio econ\u00f4mico de Andradina passa necessariamente por uma pol\u00edtica p\u00fablica que una apoio aos investidores locais, qualifica\u00e7\u00e3o profissional e capta\u00e7\u00e3o de novas empresas. Ele disse que para isso, \u00e9 necess\u00e1rio que os setores p\u00fablico e privado trabalhem em &hellip;<\/p>\n","protected":false},"author":1,"featured_media":7695,"comment_status":"open","ping_status":"open","sticky":false,"template":"","format":"standard","meta":{"_jetpack_memberships_contains_paid_content":false,"footnotes":"","jetpack_publicize_message":"","jetpack_publicize_feature_enabled":true,"jetpack_social_post_already_shared":false,"jetpack_social_options":{"image_generator_settings":{"template":"highway","default_image_id":0,"enabled":false},"version":2}},"categories":[7],"tags":[],"class_list":["post-7694","post","type-post","status-publish","format-standard","has-post-thumbnail","hentry","category-politica"],"jetpack_publicize_connections":[],"jetpack_featured_media_url":"https:\/\/i0.wp.com\/www.paparazzinews.com.br\/wp-content\/uploads\/2024\/01\/9da10912-0c47-4331-a1ee-3b2cccb12990.jpg?fit=1024%2C576&ssl=1","views":"1294","jetpack_likes_enabled":true,"jetpack_sharing_enabled":true,"_links":{"self":[{"href":"https:\/\/www.paparazzinews.com.br\/index.php?rest_route=\/wp\/v2\/posts\/7694","targetHints":{"allow":["GET"]}}],"collection":[{"href":"https:\/\/www.paparazzinews.com.br\/index.php?rest_route=\/wp\/v2\/posts"}],"about":[{"href":"https:\/\/www.paparazzinews.com.br\/index.php?rest_route=\/wp\/v2\/types\/post"}],"author":[{"embeddable":true,"href":"https:\/\/www.paparazzinews.com.br\/index.php?rest_route=\/wp\/v2\/users\/1"}],"replies":[{"embeddable":true,"href":"https:\/\/www.paparazzinews.com.br\/index.php?rest_route=%2Fwp%2Fv2%2Fcomments&post=7694"}],"version-history":[{"count":1,"href":"https:\/\/www.paparazzinews.com.br\/index.php?rest_route=\/wp\/v2\/posts\/7694\/revisions"}],"predecessor-version":[{"id":7696,"href":"https:\/\/www.paparazzinews.com.br\/index.php?rest_route=\/wp\/v2\/posts\/7694\/revisions\/7696"}],"wp:featuredmedia":[{"embeddable":true,"href":"https:\/\/www.paparazzinews.com.br\/index.php?rest_route=\/wp\/v2\/media\/7695"}],"wp:attachment":[{"href":"https:\/\/www.paparazzinews.com.br\/index.php?rest_route=%2Fwp%2Fv2%2Fmedia&parent=7694"}],"wp:term":[{"taxonomy":"category","embeddable":true,"href":"https:\/\/www.paparazzinews.com.br\/index.php?rest_route=%2Fwp%2Fv2%2Fcategories&post=7694"},{"taxonomy":"post_tag","embeddable":true,"href":"https:\/\/www.paparazzinews.com.br\/index.php?rest_route=%2Fwp%2Fv2%2Ftags&post=7694"}],"curies":[{"name":"wp","href":"https:\/\/api.w.org\/{rel}","templated":true}]}}