{"id":767,"date":"2022-09-16T20:27:27","date_gmt":"2022-09-16T23:27:27","guid":{"rendered":"https:\/\/www.paparazzinews.com.br\/?p=767"},"modified":"2022-09-16T20:27:29","modified_gmt":"2022-09-16T23:27:29","slug":"dois-atletas-de-andradina-estao-convocados-para-mundial-de-karate","status":"publish","type":"post","link":"https:\/\/www.paparazzinews.com.br\/?p=767","title":{"rendered":"Dois atletas de Andradina est\u00e3o convocados para Mundial de Karat\u00ea"},"content":{"rendered":"\n<p>Dois atletas de Andradina foram convocados pela Confedera\u00e7\u00e3o Brasileira de Karat\u00ea-Do Tradicional para compor a sele\u00e7\u00e3o nacional que disputar\u00e1 o Mundial 22, em Grankska Gora, na Eslov\u00eania, entre 9 a 22 de novembro deste ano. A informa\u00e7\u00e3o \u00e9 do Jornal Impacto Online. <\/p>\n\n\n\n<p>Anna Karoline Tavares e Gabriel Shinkado foram convocados ap\u00f3s a performance no recente campeonato nacional disputado em Fortaleza. Anna Beatriz foi medalha de bronze no kata em equipe na categoria sub 14 e Gabriel Shinkado obteve prata na faixa de 14-15 anos<\/p>\n\n\n\n<p>Apesar da convoca\u00e7\u00e3o, os atletas ter\u00e3o que arcar com custos da viagem, incluindo o treinador ou respons\u00e1vel, entre outras despesas, segundo comunicado do presidente da Confedera\u00e7\u00e3o, S\u00e9rgio Luis F. Bastos e o diretor t\u00e9cnico Eckener Cardoso.<\/p>\n\n\n\n<p>Inicialmente, um grupo de m\u00e3es cujos filhos treinam na Academia Shobunkan, a forma mais r\u00e1pida de conseguir o recurso para a viagem da dupla \u00e9 promover almo\u00e7o ou algo do g\u00eanero, j\u00e1 que a ideia inicial de se criar uma associa\u00e7\u00e3o visando obter incentivo de empresas atrav\u00e9s de programa de abatimento de Imposto de Renda \u00e9 invi\u00e1vel pelo curto espa\u00e7o de tempo.<\/p>\n\n\n\n<p>Pelo comunicado da Confedera\u00e7\u00e3o, cada atleta ter\u00e1 de desembolsar U$ 1.160,00 para o transporte a\u00e9reo; terrestre (hotel com caf\u00e9 e jantar, seguro, parte rodovi\u00e1ria Lubjliana\/Kransjka Gora\/Lubjliana] &#8211; U$ 620,00; Registro ITKF (quem n\u00e3o tem) &#8211; U$ 60,00 at\u00e9 yondan e U$ 70,00 godan e taxa de turismo\/dia hospedado EU 3,00 para adultos e EU 1,90 para menores.<\/p>\n","protected":false},"excerpt":{"rendered":"<p>Dois atletas de Andradina foram convocados pela Confedera\u00e7\u00e3o Brasileira de Karat\u00ea-Do Tradicional para compor a sele\u00e7\u00e3o nacional que disputar\u00e1 o Mundial 22, em Grankska Gora, na Eslov\u00eania, entre 9 a 22 de novembro deste ano. A informa\u00e7\u00e3o \u00e9 do Jornal Impacto Online. Anna Karoline Tavares e Gabriel Shinkado foram convocados ap\u00f3s a performance no recente &hellip;<\/p>\n","protected":false},"author":1,"featured_media":768,"comment_status":"open","ping_status":"open","sticky":false,"template":"","format":"standard","meta":{"_jetpack_memberships_contains_paid_content":false,"footnotes":"","jetpack_publicize_message":"","jetpack_publicize_feature_enabled":true,"jetpack_social_post_already_shared":false,"jetpack_social_options":{"image_generator_settings":{"template":"highway","default_image_id":0,"enabled":false},"version":2}},"categories":[4],"tags":[],"class_list":["post-767","post","type-post","status-publish","format-standard","has-post-thumbnail","hentry","category-regiao"],"jetpack_publicize_connections":[],"jetpack_featured_media_url":"https:\/\/i0.wp.com\/www.paparazzinews.com.br\/wp-content\/uploads\/2022\/09\/301204107_753585412377965_2648589552238467366_n.jpg?fit=800%2C500&ssl=1","views":"3331","jetpack_likes_enabled":true,"jetpack_sharing_enabled":true,"_links":{"self":[{"href":"https:\/\/www.paparazzinews.com.br\/index.php?rest_route=\/wp\/v2\/posts\/767","targetHints":{"allow":["GET"]}}],"collection":[{"href":"https:\/\/www.paparazzinews.com.br\/index.php?rest_route=\/wp\/v2\/posts"}],"about":[{"href":"https:\/\/www.paparazzinews.com.br\/index.php?rest_route=\/wp\/v2\/types\/post"}],"author":[{"embeddable":true,"href":"https:\/\/www.paparazzinews.com.br\/index.php?rest_route=\/wp\/v2\/users\/1"}],"replies":[{"embeddable":true,"href":"https:\/\/www.paparazzinews.com.br\/index.php?rest_route=%2Fwp%2Fv2%2Fcomments&post=767"}],"version-history":[{"count":1,"href":"https:\/\/www.paparazzinews.com.br\/index.php?rest_route=\/wp\/v2\/posts\/767\/revisions"}],"predecessor-version":[{"id":769,"href":"https:\/\/www.paparazzinews.com.br\/index.php?rest_route=\/wp\/v2\/posts\/767\/revisions\/769"}],"wp:featuredmedia":[{"embeddable":true,"href":"https:\/\/www.paparazzinews.com.br\/index.php?rest_route=\/wp\/v2\/media\/768"}],"wp:attachment":[{"href":"https:\/\/www.paparazzinews.com.br\/index.php?rest_route=%2Fwp%2Fv2%2Fmedia&parent=767"}],"wp:term":[{"taxonomy":"category","embeddable":true,"href":"https:\/\/www.paparazzinews.com.br\/index.php?rest_route=%2Fwp%2Fv2%2Fcategories&post=767"},{"taxonomy":"post_tag","embeddable":true,"href":"https:\/\/www.paparazzinews.com.br\/index.php?rest_route=%2Fwp%2Fv2%2Ftags&post=767"}],"curies":[{"name":"wp","href":"https:\/\/api.w.org\/{rel}","templated":true}]}}