{"id":7591,"date":"2024-01-05T12:43:01","date_gmt":"2024-01-05T15:43:01","guid":{"rendered":"https:\/\/www.paparazzinews.com.br\/?p=7591"},"modified":"2024-01-05T12:43:03","modified_gmt":"2024-01-05T15:43:03","slug":"rapaz-se-envolve-em-ocorrencia-de-ameaca","status":"publish","type":"post","link":"https:\/\/www.paparazzinews.com.br\/?p=7591","title":{"rendered":"Rapaz se envolve em ocorr\u00eancia de amea\u00e7a"},"content":{"rendered":"\n<p>Tr\u00eas Lagoas \u2013 MS, no dia 4 de janeiro, os policiais militares do 2\u00ba Batalh\u00e3o de Pol\u00edcia Militar realizaram o cumprimento de um mandado de busca e apreens\u00e3o contra um indiv\u00edduo de 18 anos.<\/p>\n\n\n\n<p>Nesta quinta-feira, \u00e0s 12h, uma guarni\u00e7\u00e3o da For\u00e7a T\u00e1tica do 2\u00ba BPM foi acionada a deslocar na rua do Escultor, no bairro Jardim das Violetas, para o atendimento de uma ocorr\u00eancia de amea\u00e7a onde ap\u00f3s realizar a abordagem e deten\u00e7\u00e3o do autor constataram em seu desfavor um mandado de busca e apreens\u00e3o expedido pela 1\u00aa Vara Criminal de Tr\u00eas Lagoas.<\/p>\n\n\n\n<p>Diante o fato ap\u00f3s ser dada voz de pris\u00e3o foi realizado sua condu\u00e7\u00e3o e apresenta\u00e7\u00e3o na Delegacia de Pol\u00edcia, para provid\u00eancias.<\/p>\n\n\n\n<p><strong><em><strong><em><strong>Participe da comunidade do Canal Roni Paparazzi no Whatsapp e receba as principais not\u00edcias do dia direto no seu celular.<\/strong>\u00a0<a href=\"https:\/\/chat.whatsapp.com\/GsG1XKo0jPOEfjzudWQcml\" target=\"_blank\" rel=\"noreferrer noopener\">\u00a0Clique aqui e se inscreva.<\/a><\/em><\/strong><\/em><\/strong><\/p>\n","protected":false},"excerpt":{"rendered":"<p>Tr\u00eas Lagoas \u2013 MS, no dia 4 de janeiro, os policiais militares do 2\u00ba Batalh\u00e3o de Pol\u00edcia Militar realizaram o cumprimento de um mandado de busca e apreens\u00e3o contra um indiv\u00edduo de 18 anos. Nesta quinta-feira, \u00e0s 12h, uma guarni\u00e7\u00e3o da For\u00e7a T\u00e1tica do 2\u00ba BPM foi acionada a deslocar na rua do Escultor, no &hellip;<\/p>\n","protected":false},"author":1,"featured_media":7592,"comment_status":"open","ping_status":"open","sticky":false,"template":"","format":"standard","meta":{"_jetpack_memberships_contains_paid_content":false,"footnotes":"","jetpack_publicize_message":"","jetpack_publicize_feature_enabled":true,"jetpack_social_post_already_shared":false,"jetpack_social_options":{"image_generator_settings":{"template":"highway","default_image_id":0,"enabled":false},"version":2}},"categories":[3],"tags":[],"class_list":["post-7591","post","type-post","status-publish","format-standard","has-post-thumbnail","hentry","category-policial"],"jetpack_publicize_connections":[],"jetpack_featured_media_url":"https:\/\/i0.wp.com\/www.paparazzinews.com.br\/wp-content\/uploads\/2024\/01\/Snapinsta.app_416926847_1069352904285834_229141715417346019_n_1080.jpg?fit=857%2C681&ssl=1","views":"3421","jetpack_likes_enabled":true,"jetpack_sharing_enabled":true,"_links":{"self":[{"href":"https:\/\/www.paparazzinews.com.br\/index.php?rest_route=\/wp\/v2\/posts\/7591","targetHints":{"allow":["GET"]}}],"collection":[{"href":"https:\/\/www.paparazzinews.com.br\/index.php?rest_route=\/wp\/v2\/posts"}],"about":[{"href":"https:\/\/www.paparazzinews.com.br\/index.php?rest_route=\/wp\/v2\/types\/post"}],"author":[{"embeddable":true,"href":"https:\/\/www.paparazzinews.com.br\/index.php?rest_route=\/wp\/v2\/users\/1"}],"replies":[{"embeddable":true,"href":"https:\/\/www.paparazzinews.com.br\/index.php?rest_route=%2Fwp%2Fv2%2Fcomments&post=7591"}],"version-history":[{"count":1,"href":"https:\/\/www.paparazzinews.com.br\/index.php?rest_route=\/wp\/v2\/posts\/7591\/revisions"}],"predecessor-version":[{"id":7593,"href":"https:\/\/www.paparazzinews.com.br\/index.php?rest_route=\/wp\/v2\/posts\/7591\/revisions\/7593"}],"wp:featuredmedia":[{"embeddable":true,"href":"https:\/\/www.paparazzinews.com.br\/index.php?rest_route=\/wp\/v2\/media\/7592"}],"wp:attachment":[{"href":"https:\/\/www.paparazzinews.com.br\/index.php?rest_route=%2Fwp%2Fv2%2Fmedia&parent=7591"}],"wp:term":[{"taxonomy":"category","embeddable":true,"href":"https:\/\/www.paparazzinews.com.br\/index.php?rest_route=%2Fwp%2Fv2%2Fcategories&post=7591"},{"taxonomy":"post_tag","embeddable":true,"href":"https:\/\/www.paparazzinews.com.br\/index.php?rest_route=%2Fwp%2Fv2%2Ftags&post=7591"}],"curies":[{"name":"wp","href":"https:\/\/api.w.org\/{rel}","templated":true}]}}