{"id":7492,"date":"2023-12-21T19:19:05","date_gmt":"2023-12-21T22:19:05","guid":{"rendered":"https:\/\/www.paparazzinews.com.br\/?p=7492"},"modified":"2023-12-21T19:19:06","modified_gmt":"2023-12-21T22:19:06","slug":"meio-ambiente-em-foco-prefeito-paulo-boaventura-apresenta-nova-secretaria","status":"publish","type":"post","link":"https:\/\/www.paparazzinews.com.br\/?p=7492","title":{"rendered":"Meio Ambiente em Foco: Prefeito Paulo Boaventura apresenta nova Secret\u00e1ria"},"content":{"rendered":"\n<p>CASTILHO \u2013 Na tarde desta quinta-feira,21, o prefeito Paulo Duarte Boaventura apresentou oficialmente a nova secret\u00e1ria do Meio Ambiente. J\u00e9ssica Afonso assume a pasta rec\u00e9m criada e que foi desmembrada da SAMAT, antiga Secretaria de Agricultura, Meio Ambiente e Turismo.<\/p>\n\n\n\n<p>Graduada em Engenharia Ambiental e Sanit\u00e1ria e P\u00f3s-graduada em Gest\u00e3o de Res\u00edduos e Log\u00edstica Reversa, J\u00e9ssica atua h\u00e1 sete anos na Gest\u00e3o Ambiental P\u00fablica. Ela j\u00e1 havia atuado como consultora ambiental em munic\u00edpios da regi\u00e3o e como consultora ambiental de cons\u00f3rcio p\u00fablico intermunicipal. Antes de assumir a Secretaria Municipal de Meio Ambiente, J\u00e9ssica desenvolveu programas estaduais no munic\u00edpio de Castilho.<\/p>\n\n\n\n<p>Na live, transmitida pela sua p\u00e1gina pol\u00edtica, Paulo Boaventura fez um bate-papo com a secret\u00e1ria J\u00e9ssica, destacou os avan\u00e7os que Castilho obteve no Meio Ambiente com as a\u00e7\u00f5es pr\u00f3-ativas da atual Gest\u00e3o e ainda justificou a import\u00e2ncia e necessidade em criar uma secretaria espec\u00edfica do Meio Ambiente.<br>\u201cDar continuidade \u00e0s pol\u00edticas P\u00fablicas do munic\u00edpio, implementar projetos e programas buscando atender as legisla\u00e7\u00f5es e tamb\u00e9m promover o desenvolvimento sustent\u00e1vel de Castilho, trazendo \u00e0 popula\u00e7\u00e3o uma melhoria na qualidade ambiental\u201d, explicou Paulinho.<\/p>\n\n\n\n<p>A\u00c7\u00d5ES REALIZADAS \u2013 Programa Municipal de Educa\u00e7\u00e3o Ambiental nas escolas e com grupos dos programas sociais RENASCER e REVIVER: 750 Alunos participaram do projeto Guardi\u00e3o do Meio Ambiente. Foram realizadas palestras sobre coleta seletiva, saneamento e queimadas urbanas. Projeto \u201cEu reciclo\u201d com visita do mascote Castileco nas escolas (EMEIs), outros 275 alunos visitaram o Aterro Sanit\u00e1rio e a cooperativa de reciclagem.<\/p>\n\n\n\n<p>COLETA SELETIVA \u2013 O munic\u00edpio implantou em 100% da cidade a coleta seletiva com ve\u00edculo pr\u00f3prio e distribui\u00e7\u00e3o de sacos espec\u00edficos para coletas. Material coletado beneficia a cooperativa de reciclagem composta por 13 cooperados, com m\u00e9dia de 15 toneladas m\u00eas.<\/p>\n\n\n\n<p>CONQUISTAS \u2013 Com o trabalho s\u00e9rio e eficiente, os n\u00fameros n\u00e3o demoraram a aparecer e rapidamente Castilho foi qualificado no programa estadual Verde-Azul. Em 2020 a nota do munic\u00edpio era de 12,48 pontos. Em 2021 atrav\u00e9s das novas a\u00e7\u00f5es j\u00e1 implantadas pela atual Gest\u00e3o, a pontua\u00e7\u00e3o saltou para 70,09. De 2022 para 2023 o salto foi para 76 pontos. Isso colocou Castilho entre os 30 munic\u00edpios paulistas mais pontuados no ranking entre cidades de 10 a 50 mil habitantes.<\/p>\n\n\n\n<p>A\u00c7\u00d5ES FUTURAS \u2013 Castilho ser\u00e1 contemplado com usina m\u00f3vel regional para beneficiar os res\u00edduos de constru\u00e7\u00e3o civil e galhadas.<\/p>\n\n\n\n<ul class=\"wp-block-list\">\n<li>Dar continuidade ao Programa de Educa\u00e7\u00e3o Ambiental, com \u00eanfase no uso das ca\u00e7ambas;<\/li>\n\n\n\n<li>Aprimorar a coleta seletiva e ampliar para a \u00e1rea rural<\/li>\n\n\n\n<li>Implantar Ecoponto para descarte adequado dos res\u00edduos<\/li>\n\n\n\n<li>Implantar a Log\u00edstica reversa dos res\u00edduos como l\u00e2mpadas, pilhas e baterias, embalagens de agrot\u00f3xicos.<\/li>\n<\/ul>\n\n\n\n<p><strong><em><strong><em><strong>Participe da comunidade do Canal Roni Paparazzi no Whatsapp e receba as principais not\u00edcias do dia direto no seu celular.<\/strong>\u00a0<a href=\"https:\/\/chat.whatsapp.com\/GsG1XKo0jPOEfjzudWQcml\" target=\"_blank\" rel=\"noreferrer noopener\">\u00a0Clique aqui e se inscreva.<\/a><\/em><\/strong><\/em><\/strong><\/p>\n","protected":false},"excerpt":{"rendered":"<p>CASTILHO \u2013 Na tarde desta quinta-feira,21, o prefeito Paulo Duarte Boaventura apresentou oficialmente a nova secret\u00e1ria do Meio Ambiente. J\u00e9ssica Afonso assume a pasta rec\u00e9m criada e que foi desmembrada da SAMAT, antiga Secretaria de Agricultura, Meio Ambiente e Turismo. Graduada em Engenharia Ambiental e Sanit\u00e1ria e P\u00f3s-graduada em Gest\u00e3o de Res\u00edduos e Log\u00edstica Reversa, &hellip;<\/p>\n","protected":false},"author":1,"featured_media":7493,"comment_status":"open","ping_status":"open","sticky":false,"template":"","format":"standard","meta":{"_jetpack_memberships_contains_paid_content":false,"footnotes":"","jetpack_publicize_message":"","jetpack_publicize_feature_enabled":true,"jetpack_social_post_already_shared":false,"jetpack_social_options":{"image_generator_settings":{"template":"highway","default_image_id":0,"enabled":false},"version":2}},"categories":[4],"tags":[],"class_list":["post-7492","post","type-post","status-publish","format-standard","has-post-thumbnail","hentry","category-regiao"],"jetpack_publicize_connections":[],"jetpack_featured_media_url":"https:\/\/i0.wp.com\/www.paparazzinews.com.br\/wp-content\/uploads\/2023\/12\/927be46b-110c-4a5c-b8ee-c1f27b28eb9a-e1703197128194.jpg?fit=1000%2C450&ssl=1","views":"3250","jetpack_likes_enabled":true,"jetpack_sharing_enabled":true,"_links":{"self":[{"href":"https:\/\/www.paparazzinews.com.br\/index.php?rest_route=\/wp\/v2\/posts\/7492","targetHints":{"allow":["GET"]}}],"collection":[{"href":"https:\/\/www.paparazzinews.com.br\/index.php?rest_route=\/wp\/v2\/posts"}],"about":[{"href":"https:\/\/www.paparazzinews.com.br\/index.php?rest_route=\/wp\/v2\/types\/post"}],"author":[{"embeddable":true,"href":"https:\/\/www.paparazzinews.com.br\/index.php?rest_route=\/wp\/v2\/users\/1"}],"replies":[{"embeddable":true,"href":"https:\/\/www.paparazzinews.com.br\/index.php?rest_route=%2Fwp%2Fv2%2Fcomments&post=7492"}],"version-history":[{"count":1,"href":"https:\/\/www.paparazzinews.com.br\/index.php?rest_route=\/wp\/v2\/posts\/7492\/revisions"}],"predecessor-version":[{"id":7494,"href":"https:\/\/www.paparazzinews.com.br\/index.php?rest_route=\/wp\/v2\/posts\/7492\/revisions\/7494"}],"wp:featuredmedia":[{"embeddable":true,"href":"https:\/\/www.paparazzinews.com.br\/index.php?rest_route=\/wp\/v2\/media\/7493"}],"wp:attachment":[{"href":"https:\/\/www.paparazzinews.com.br\/index.php?rest_route=%2Fwp%2Fv2%2Fmedia&parent=7492"}],"wp:term":[{"taxonomy":"category","embeddable":true,"href":"https:\/\/www.paparazzinews.com.br\/index.php?rest_route=%2Fwp%2Fv2%2Fcategories&post=7492"},{"taxonomy":"post_tag","embeddable":true,"href":"https:\/\/www.paparazzinews.com.br\/index.php?rest_route=%2Fwp%2Fv2%2Ftags&post=7492"}],"curies":[{"name":"wp","href":"https:\/\/api.w.org\/{rel}","templated":true}]}}