{"id":7471,"date":"2023-12-21T15:39:27","date_gmt":"2023-12-21T18:39:27","guid":{"rendered":"https:\/\/www.paparazzinews.com.br\/?p=7471"},"modified":"2023-12-21T15:39:28","modified_gmt":"2023-12-21T18:39:28","slug":"policia-prende-ex-presidiario-por-furto-em-farmacia","status":"publish","type":"post","link":"https:\/\/www.paparazzinews.com.br\/?p=7471","title":{"rendered":"Pol\u00edcia prende ex-presidi\u00e1rio por furto em farm\u00e1cia"},"content":{"rendered":"\n<p>Na manh\u00e3 desta quinta-feira, dia 21, policiais militares de Andradina foram acionados pelo propriet\u00e1rio de uma farm\u00e1cia, situada na \u00e1rea central, narrando ter sido v\u00edtima de furto. Com as caracter\u00edsticas f\u00edsicas do autor, realizaram dilig\u00eancias e o localizaram, ainda na posse dos objetos furtados.<\/p>\n\n\n\n<p>Em pesquisas, constataram que o autor, de 37 anos, natural de S\u00e3o Caetano do Sul, estava preso na penitenci\u00e1ria de Andradina, onde cumpria pena, de onde foi liberado na tarde de ontem, quarta-feira, em liberdade provis\u00f3ria, mas n\u00e3o retornou para a sua cidade natal, permanecendo em Andradina.<\/p>\n\n\n\n<p>O autor foi levado ao DP da \u00e1rea, onde foi autuado em flagrante e recolhido ao c\u00e1rcere, \u00e0 disposi\u00e7\u00e3o da justi\u00e7a.<\/p>\n\n\n\n<p><strong><em><strong><em><strong>Participe da comunidade do Canal Roni Paparazzi no Whatsapp e receba as principais not\u00edcias do dia direto no seu celular.<\/strong>\u00a0<a href=\"https:\/\/chat.whatsapp.com\/GsG1XKo0jPOEfjzudWQcml\" target=\"_blank\" rel=\"noreferrer noopener\">\u00a0Clique aqui e se inscreva.<\/a><\/em><\/strong><\/em><\/strong><\/p>\n\n\n\n<p><a href=\"https:\/\/www.paparazzinews.com.br\/wp-admin\/post.php?post=7464&amp;action=edit\"><\/a><\/p>\n\n\n\n<p><a href=\"https:\/\/www.paparazzinews.com.br\/wp-admin\/post.php?post=7467&amp;action=edit\"><\/a><\/p>\n","protected":false},"excerpt":{"rendered":"<p>Na manh\u00e3 desta quinta-feira, dia 21, policiais militares de Andradina foram acionados pelo propriet\u00e1rio de uma farm\u00e1cia, situada na \u00e1rea central, narrando ter sido v\u00edtima de furto. Com as caracter\u00edsticas f\u00edsicas do autor, realizaram dilig\u00eancias e o localizaram, ainda na posse dos objetos furtados. Em pesquisas, constataram que o autor, de 37 anos, natural de &hellip;<\/p>\n","protected":false},"author":1,"featured_media":6835,"comment_status":"open","ping_status":"open","sticky":false,"template":"","format":"standard","meta":{"_jetpack_memberships_contains_paid_content":false,"footnotes":"","jetpack_publicize_message":"","jetpack_publicize_feature_enabled":true,"jetpack_social_post_already_shared":false,"jetpack_social_options":{"image_generator_settings":{"template":"highway","default_image_id":0,"enabled":false},"version":2}},"categories":[3],"tags":[],"class_list":["post-7471","post","type-post","status-publish","format-standard","has-post-thumbnail","hentry","category-policial"],"jetpack_publicize_connections":[],"jetpack_featured_media_url":"https:\/\/i0.wp.com\/www.paparazzinews.com.br\/wp-content\/uploads\/2023\/11\/IMG_4272.jpg?fit=1024%2C683&ssl=1","views":"3621","jetpack_likes_enabled":true,"jetpack_sharing_enabled":true,"_links":{"self":[{"href":"https:\/\/www.paparazzinews.com.br\/index.php?rest_route=\/wp\/v2\/posts\/7471","targetHints":{"allow":["GET"]}}],"collection":[{"href":"https:\/\/www.paparazzinews.com.br\/index.php?rest_route=\/wp\/v2\/posts"}],"about":[{"href":"https:\/\/www.paparazzinews.com.br\/index.php?rest_route=\/wp\/v2\/types\/post"}],"author":[{"embeddable":true,"href":"https:\/\/www.paparazzinews.com.br\/index.php?rest_route=\/wp\/v2\/users\/1"}],"replies":[{"embeddable":true,"href":"https:\/\/www.paparazzinews.com.br\/index.php?rest_route=%2Fwp%2Fv2%2Fcomments&post=7471"}],"version-history":[{"count":1,"href":"https:\/\/www.paparazzinews.com.br\/index.php?rest_route=\/wp\/v2\/posts\/7471\/revisions"}],"predecessor-version":[{"id":7472,"href":"https:\/\/www.paparazzinews.com.br\/index.php?rest_route=\/wp\/v2\/posts\/7471\/revisions\/7472"}],"wp:featuredmedia":[{"embeddable":true,"href":"https:\/\/www.paparazzinews.com.br\/index.php?rest_route=\/wp\/v2\/media\/6835"}],"wp:attachment":[{"href":"https:\/\/www.paparazzinews.com.br\/index.php?rest_route=%2Fwp%2Fv2%2Fmedia&parent=7471"}],"wp:term":[{"taxonomy":"category","embeddable":true,"href":"https:\/\/www.paparazzinews.com.br\/index.php?rest_route=%2Fwp%2Fv2%2Fcategories&post=7471"},{"taxonomy":"post_tag","embeddable":true,"href":"https:\/\/www.paparazzinews.com.br\/index.php?rest_route=%2Fwp%2Fv2%2Ftags&post=7471"}],"curies":[{"name":"wp","href":"https:\/\/api.w.org\/{rel}","templated":true}]}}