{"id":7413,"date":"2023-12-13T18:03:30","date_gmt":"2023-12-13T21:03:30","guid":{"rendered":"https:\/\/www.paparazzinews.com.br\/?p=7413"},"modified":"2023-12-13T18:03:31","modified_gmt":"2023-12-13T21:03:31","slug":"dia-20-tera-show-gospel-do-juliano-son-na-praca","status":"publish","type":"post","link":"https:\/\/www.paparazzinews.com.br\/?p=7413","title":{"rendered":"Dia 20 ter\u00e1 show gospel do Juliano Son na Pra\u00e7a"},"content":{"rendered":"\n<p>CASTILHO \u2013 A Semana Cultural Evang\u00e9lica 2023 ter\u00e1 como principal atra\u00e7\u00e3o art\u00edstica o cantor Juliano Son. O evento s\u00f3 ser\u00e1 poss\u00edvel devido a parceria entre a C\u00e2mara de Vereadores e a Prefeitura de Castilho que fez a contrata\u00e7\u00e3o, conforme publica\u00e7\u00e3o do Di\u00e1rio Oficial desta quarta-feira.<\/p>\n\n\n\n<p>Por indica\u00e7\u00e3o do Conselho de Pastores, o cantor gospel se apresentar\u00e1 na cidade dia 20 de dezembro, \u00e0s 19h na pra\u00e7a da Matriz. A C\u00e2mara antecipou parte da devolu\u00e7\u00e3o do duod\u00e9cimo para ajudar a pagar o show, que contar\u00e1 ainda com apresenta\u00e7\u00e3o das bandas das igrejas evang\u00e9licas locais e pra\u00e7a de alimenta\u00e7\u00e3o.<\/p>\n\n\n\n<p>O prefeito Paulo Boaventura dever\u00e1 marcar presen\u00e7a, juntamente com outras autoridades. A Semana Cultural Evang\u00e9lica foi institu\u00edda em Castilho por meio de um projeto do ex-vereador Waguinho.<\/p>\n\n\n\n<p><strong>JULIANO SON <\/strong>&#8211; Descendente de imigrantes coreanos, Juliano Son nasceu em S\u00e3o Paulo. Casado com Daniele Son, pai de Lucas, Filipe e Mateus, \u00e9 m\u00fasico, compositor e tem forma\u00e7\u00e3o em Teologia pela Faculdade Batista Teol\u00f3gica de S\u00e3o Paulo. \u00c9 l\u00edder do minist\u00e9rio Livres, onde atua na prega\u00e7\u00e3o, no ensino b\u00edblico e na m\u00fasica como vocalista. \u00c9 presidente do Instituto Livres.<\/p>\n\n\n\n<p>Ao longo dos anos, por meio das can\u00e7\u00f5es, mensagens e projetos sociais, Juliano Son foi assumindo o papel de promover em meio ao seu p\u00fablico o engajamento \u00e0s causas sociais. Como caracter\u00edstica de sua apresenta\u00e7\u00e3o nos palcos, defende o compromisso que o ser humano deve ter com o seu pr\u00f3ximo, entendendo isso como a \u201cverdadeira express\u00e3o do amor de Deus\u201d.<\/p>\n\n\n\n<p><strong><em><strong><em><strong>Participe da comunidade do Canal Roni Paparazzi no Whatsapp e receba as principais not\u00edcias do dia direto no seu celular.<\/strong>\u00a0<a href=\"https:\/\/chat.whatsapp.com\/GsG1XKo0jPOEfjzudWQcml\" target=\"_blank\" rel=\"noreferrer noopener\">\u00a0Clique aqui e se inscreva.<\/a><\/em><\/strong><\/em><\/strong><\/p>\n","protected":false},"excerpt":{"rendered":"<p>CASTILHO \u2013 A Semana Cultural Evang\u00e9lica 2023 ter\u00e1 como principal atra\u00e7\u00e3o art\u00edstica o cantor Juliano Son. O evento s\u00f3 ser\u00e1 poss\u00edvel devido a parceria entre a C\u00e2mara de Vereadores e a Prefeitura de Castilho que fez a contrata\u00e7\u00e3o, conforme publica\u00e7\u00e3o do Di\u00e1rio Oficial desta quarta-feira. Por indica\u00e7\u00e3o do Conselho de Pastores, o cantor gospel se &hellip;<\/p>\n","protected":false},"author":1,"featured_media":7414,"comment_status":"open","ping_status":"open","sticky":false,"template":"","format":"standard","meta":{"_jetpack_memberships_contains_paid_content":false,"footnotes":"","jetpack_publicize_message":"","jetpack_publicize_feature_enabled":true,"jetpack_social_post_already_shared":false,"jetpack_social_options":{"image_generator_settings":{"template":"highway","default_image_id":0,"enabled":false},"version":2}},"categories":[6],"tags":[],"class_list":["post-7413","post","type-post","status-publish","format-standard","has-post-thumbnail","hentry","category-entretenimento"],"jetpack_publicize_connections":[],"jetpack_featured_media_url":"https:\/\/i0.wp.com\/www.paparazzinews.com.br\/wp-content\/uploads\/2023\/12\/bec396fb-2183-416a-add7-84f788673f53.jpg?fit=800%2C800&ssl=1","views":"3439","jetpack_likes_enabled":true,"jetpack_sharing_enabled":true,"_links":{"self":[{"href":"https:\/\/www.paparazzinews.com.br\/index.php?rest_route=\/wp\/v2\/posts\/7413","targetHints":{"allow":["GET"]}}],"collection":[{"href":"https:\/\/www.paparazzinews.com.br\/index.php?rest_route=\/wp\/v2\/posts"}],"about":[{"href":"https:\/\/www.paparazzinews.com.br\/index.php?rest_route=\/wp\/v2\/types\/post"}],"author":[{"embeddable":true,"href":"https:\/\/www.paparazzinews.com.br\/index.php?rest_route=\/wp\/v2\/users\/1"}],"replies":[{"embeddable":true,"href":"https:\/\/www.paparazzinews.com.br\/index.php?rest_route=%2Fwp%2Fv2%2Fcomments&post=7413"}],"version-history":[{"count":1,"href":"https:\/\/www.paparazzinews.com.br\/index.php?rest_route=\/wp\/v2\/posts\/7413\/revisions"}],"predecessor-version":[{"id":7415,"href":"https:\/\/www.paparazzinews.com.br\/index.php?rest_route=\/wp\/v2\/posts\/7413\/revisions\/7415"}],"wp:featuredmedia":[{"embeddable":true,"href":"https:\/\/www.paparazzinews.com.br\/index.php?rest_route=\/wp\/v2\/media\/7414"}],"wp:attachment":[{"href":"https:\/\/www.paparazzinews.com.br\/index.php?rest_route=%2Fwp%2Fv2%2Fmedia&parent=7413"}],"wp:term":[{"taxonomy":"category","embeddable":true,"href":"https:\/\/www.paparazzinews.com.br\/index.php?rest_route=%2Fwp%2Fv2%2Fcategories&post=7413"},{"taxonomy":"post_tag","embeddable":true,"href":"https:\/\/www.paparazzinews.com.br\/index.php?rest_route=%2Fwp%2Fv2%2Ftags&post=7413"}],"curies":[{"name":"wp","href":"https:\/\/api.w.org\/{rel}","templated":true}]}}