{"id":7396,"date":"2023-12-12T15:32:44","date_gmt":"2023-12-12T18:32:44","guid":{"rendered":"https:\/\/www.paparazzinews.com.br\/?p=7396"},"modified":"2023-12-12T15:32:45","modified_gmt":"2023-12-12T18:32:45","slug":"prefeito-doa-o-proprio-salario-ao-fundo-social-de-sua-administracao","status":"publish","type":"post","link":"https:\/\/www.paparazzinews.com.br\/?p=7396","title":{"rendered":"Prefeito doa o pr\u00f3prio salario ao Fundo Social de sua administra\u00e7\u00e3o"},"content":{"rendered":"\n<p>O Fundo Social de Andradina foi a entidade escolhida para receber o sal\u00e1rio do prefeito de Andradina, M\u00e1rio Celso Lopes, na \u00faltima segunda-feira (11). O cheque foi recebido em m\u00e3os pela Primeira Dama e Presidente do Fundo Social, Ju\u00e7ara Lopes e pela secret\u00e1ria de promo\u00e7\u00e3o Social, Silvana Silva.<\/p>\n\n\n\n<p>Segundo o prefeito a escolha do Fundo Social n\u00e3o poderia ser mais justa, j\u00e1 que ele atende a milhares de pessoas em suas necessidades mais b\u00e1sicas. \u201cTemos certeza que o valor ser\u00e1 revertido para ampliar os projetos da institui\u00e7\u00e3o que \u00e9 um caminho direto para a melhoria da vida dos andradinenses\u201d, disse o prefeito.<\/p>\n\n\n\n<p>Desde o primeiro m\u00eas de mandato o prefeito n\u00e3o usufruiu de nenhum de seus sal\u00e1rios como prefeito. Nem ao menos os cheques s\u00e3o descontados ou depositados em suas contas, indo diretamente para entidades beneficentes de Andradina.<\/p>\n\n\n\n<p><strong><em><strong><em><strong>Participe da comunidade do Canal Roni Paparazzi no Whatsapp e receba as principais not\u00edcias do dia direto no seu celular.<\/strong>\u00a0<a href=\"https:\/\/chat.whatsapp.com\/GsG1XKo0jPOEfjzudWQcml\" target=\"_blank\" rel=\"noreferrer noopener\">\u00a0Clique aqui e se inscreva.<\/a><\/em><\/strong><\/em><\/strong><\/p>\n\n\n\n<p><a href=\"https:\/\/www.paparazzinews.com.br\/wp-admin\/post.php?post=7389&amp;action=edit\"><\/a><\/p>\n\n\n\n<p><a href=\"https:\/\/www.paparazzinews.com.br\/wp-admin\/post.php?post=7391&amp;action=edit\"><\/a><\/p>\n\n\n\n<p><a href=\"https:\/\/www.paparazzinews.com.br\/wp-admin\/post.php?post=7393&amp;action=edit\"><\/a><\/p>\n","protected":false},"excerpt":{"rendered":"<p>O Fundo Social de Andradina foi a entidade escolhida para receber o sal\u00e1rio do prefeito de Andradina, M\u00e1rio Celso Lopes, na \u00faltima segunda-feira (11). O cheque foi recebido em m\u00e3os pela Primeira Dama e Presidente do Fundo Social, Ju\u00e7ara Lopes e pela secret\u00e1ria de promo\u00e7\u00e3o Social, Silvana Silva. Segundo o prefeito a escolha do Fundo &hellip;<\/p>\n","protected":false},"author":1,"featured_media":7397,"comment_status":"open","ping_status":"open","sticky":false,"template":"","format":"standard","meta":{"_jetpack_memberships_contains_paid_content":false,"footnotes":"","jetpack_publicize_message":"","jetpack_publicize_feature_enabled":true,"jetpack_social_post_already_shared":false,"jetpack_social_options":{"image_generator_settings":{"template":"highway","default_image_id":0,"enabled":false},"version":2}},"categories":[4],"tags":[],"class_list":["post-7396","post","type-post","status-publish","format-standard","has-post-thumbnail","hentry","category-regiao"],"jetpack_publicize_connections":[],"jetpack_featured_media_url":"https:\/\/i0.wp.com\/www.paparazzinews.com.br\/wp-content\/uploads\/2023\/12\/83728684fff72a53db71f82d390b6658.jpg?fit=800%2C487&ssl=1","views":"3445","jetpack_likes_enabled":true,"jetpack_sharing_enabled":true,"_links":{"self":[{"href":"https:\/\/www.paparazzinews.com.br\/index.php?rest_route=\/wp\/v2\/posts\/7396","targetHints":{"allow":["GET"]}}],"collection":[{"href":"https:\/\/www.paparazzinews.com.br\/index.php?rest_route=\/wp\/v2\/posts"}],"about":[{"href":"https:\/\/www.paparazzinews.com.br\/index.php?rest_route=\/wp\/v2\/types\/post"}],"author":[{"embeddable":true,"href":"https:\/\/www.paparazzinews.com.br\/index.php?rest_route=\/wp\/v2\/users\/1"}],"replies":[{"embeddable":true,"href":"https:\/\/www.paparazzinews.com.br\/index.php?rest_route=%2Fwp%2Fv2%2Fcomments&post=7396"}],"version-history":[{"count":1,"href":"https:\/\/www.paparazzinews.com.br\/index.php?rest_route=\/wp\/v2\/posts\/7396\/revisions"}],"predecessor-version":[{"id":7398,"href":"https:\/\/www.paparazzinews.com.br\/index.php?rest_route=\/wp\/v2\/posts\/7396\/revisions\/7398"}],"wp:featuredmedia":[{"embeddable":true,"href":"https:\/\/www.paparazzinews.com.br\/index.php?rest_route=\/wp\/v2\/media\/7397"}],"wp:attachment":[{"href":"https:\/\/www.paparazzinews.com.br\/index.php?rest_route=%2Fwp%2Fv2%2Fmedia&parent=7396"}],"wp:term":[{"taxonomy":"category","embeddable":true,"href":"https:\/\/www.paparazzinews.com.br\/index.php?rest_route=%2Fwp%2Fv2%2Fcategories&post=7396"},{"taxonomy":"post_tag","embeddable":true,"href":"https:\/\/www.paparazzinews.com.br\/index.php?rest_route=%2Fwp%2Fv2%2Ftags&post=7396"}],"curies":[{"name":"wp","href":"https:\/\/api.w.org\/{rel}","templated":true}]}}