{"id":7373,"date":"2023-12-12T15:12:15","date_gmt":"2023-12-12T18:12:15","guid":{"rendered":"https:\/\/www.paparazzinews.com.br\/?p=7373"},"modified":"2023-12-12T15:12:16","modified_gmt":"2023-12-12T18:12:16","slug":"forca-tatica-prende-homem-que-estava-com-moto-furtada-desde-de-outubro","status":"publish","type":"post","link":"https:\/\/www.paparazzinews.com.br\/?p=7373","title":{"rendered":"For\u00e7a T\u00e1tica prende homem que estava com moto furtada desde de outubro"},"content":{"rendered":"\n<p>Na manh\u00e3 desta quinta-feira, dia 07, uma equipe de For\u00e7a T\u00e1tica, em patrulhamento por Andradina, avistou dois indiv\u00edduos parados no p\u00e1tio de um posto de combust\u00edvel, pelo trevo da avenida Guanabara.<br>Ambos foram abordados, oriundos de Uberl\u00e2ndia\/MG, de 24 e 27 anos, com passagens criminais por tr\u00e1fico de drogas, roubo, furto e recepta\u00e7\u00e3o.<\/p>\n\n\n\n<p>Em posse de um deles, encontraram a chave de uma motocicleta. Nas proximidades, encontraram uma motocicleta Honda\/Bros, que um dos abordados confessou estar em sua posse. Realizada a consulta da placa da motocicleta, constataram que era produto de furto, na data de 25 de outubro de 2023, no Estado de Minas Gerais.<\/p>\n\n\n\n<p>Ambos foram conduzidos ao DP da \u00e1rea, onde o condutor foi autuado em flagrante por recepta\u00e7\u00e3o e ficou preso, \u00e0 disposi\u00e7\u00e3o da Justi\u00e7a, enquanto o outro indiciado e foi liberado para aguardar o processo em liberdade.<\/p>\n\n\n\n<p><strong><em><strong><em><strong>Participe da comunidade do Canal Roni Paparazzi no Whatsapp e receba as principais not\u00edcias do dia direto no seu celular.<\/strong>\u00a0<a href=\"https:\/\/chat.whatsapp.com\/GsG1XKo0jPOEfjzudWQcml\" target=\"_blank\" rel=\"noreferrer noopener\">\u00a0Clique aqui e se inscreva.<\/a><\/em><\/strong><\/em><\/strong><\/p>\n","protected":false},"excerpt":{"rendered":"<p>Na manh\u00e3 desta quinta-feira, dia 07, uma equipe de For\u00e7a T\u00e1tica, em patrulhamento por Andradina, avistou dois indiv\u00edduos parados no p\u00e1tio de um posto de combust\u00edvel, pelo trevo da avenida Guanabara.Ambos foram abordados, oriundos de Uberl\u00e2ndia\/MG, de 24 e 27 anos, com passagens criminais por tr\u00e1fico de drogas, roubo, furto e recepta\u00e7\u00e3o. Em posse de &hellip;<\/p>\n","protected":false},"author":1,"featured_media":7374,"comment_status":"open","ping_status":"open","sticky":false,"template":"","format":"standard","meta":{"_jetpack_memberships_contains_paid_content":false,"footnotes":"","jetpack_publicize_message":"","jetpack_publicize_feature_enabled":true,"jetpack_social_post_already_shared":false,"jetpack_social_options":{"image_generator_settings":{"template":"highway","default_image_id":0,"enabled":false},"version":2}},"categories":[3],"tags":[],"class_list":["post-7373","post","type-post","status-publish","format-standard","has-post-thumbnail","hentry","category-policial"],"jetpack_publicize_connections":[],"jetpack_featured_media_url":"https:\/\/i0.wp.com\/www.paparazzinews.com.br\/wp-content\/uploads\/2023\/12\/07dd608c-47b1-4016-9f22-1f94a6843ac2-e1702404729712.jpg?fit=1000%2C616&ssl=1","views":"1459","jetpack_likes_enabled":true,"jetpack_sharing_enabled":true,"_links":{"self":[{"href":"https:\/\/www.paparazzinews.com.br\/index.php?rest_route=\/wp\/v2\/posts\/7373","targetHints":{"allow":["GET"]}}],"collection":[{"href":"https:\/\/www.paparazzinews.com.br\/index.php?rest_route=\/wp\/v2\/posts"}],"about":[{"href":"https:\/\/www.paparazzinews.com.br\/index.php?rest_route=\/wp\/v2\/types\/post"}],"author":[{"embeddable":true,"href":"https:\/\/www.paparazzinews.com.br\/index.php?rest_route=\/wp\/v2\/users\/1"}],"replies":[{"embeddable":true,"href":"https:\/\/www.paparazzinews.com.br\/index.php?rest_route=%2Fwp%2Fv2%2Fcomments&post=7373"}],"version-history":[{"count":1,"href":"https:\/\/www.paparazzinews.com.br\/index.php?rest_route=\/wp\/v2\/posts\/7373\/revisions"}],"predecessor-version":[{"id":7375,"href":"https:\/\/www.paparazzinews.com.br\/index.php?rest_route=\/wp\/v2\/posts\/7373\/revisions\/7375"}],"wp:featuredmedia":[{"embeddable":true,"href":"https:\/\/www.paparazzinews.com.br\/index.php?rest_route=\/wp\/v2\/media\/7374"}],"wp:attachment":[{"href":"https:\/\/www.paparazzinews.com.br\/index.php?rest_route=%2Fwp%2Fv2%2Fmedia&parent=7373"}],"wp:term":[{"taxonomy":"category","embeddable":true,"href":"https:\/\/www.paparazzinews.com.br\/index.php?rest_route=%2Fwp%2Fv2%2Fcategories&post=7373"},{"taxonomy":"post_tag","embeddable":true,"href":"https:\/\/www.paparazzinews.com.br\/index.php?rest_route=%2Fwp%2Fv2%2Ftags&post=7373"}],"curies":[{"name":"wp","href":"https:\/\/api.w.org\/{rel}","templated":true}]}}