{"id":7367,"date":"2023-12-12T15:05:30","date_gmt":"2023-12-12T18:05:30","guid":{"rendered":"https:\/\/www.paparazzinews.com.br\/?p=7367"},"modified":"2023-12-12T15:05:31","modified_gmt":"2023-12-12T18:05:31","slug":"adolescente-que-saiu-da-fundacao-casa-e-executado-com-tiros-por-2-homens-na-frente-do-pai","status":"publish","type":"post","link":"https:\/\/www.paparazzinews.com.br\/?p=7367","title":{"rendered":"Adolescente que saiu da Funda\u00e7\u00e3o Casa \u00e9 executado com tiros por 2 homens na frente do pai"},"content":{"rendered":"\n<p>A Delegacia de Homic\u00eddios da Divis\u00e3o Especializada em Investiga\u00e7\u00f5es Criminais (DEIC) vai investigar o assassinato que vitimou o adolescente Vitor Hugo de Castro, na noite da \u00faltima segunda-feira (11\/12), na casa em que ele morava com o pai, no Jardim Arroyo, bairro da regi\u00e3o norte da cidade.<\/p>\n\n\n\n<p>De acordo com informa\u00e7\u00f5es do boletim de ocorr\u00eancia, o mec\u00e2nico de 49 anos j\u00e1 havia se recolhido no quarto para dormir, quando ouviu disparos de tiros na sala. Ele correu para o c\u00f4modo e viu dois suspeitos com roupas pretas e capuz. Os criminosos, que entraram na casa atirando, fugiram quando o homem avan\u00e7ou para socorrer o filho, que caiu morto no ch\u00e3o.<\/p>\n\n\n\n<p>Uma ambul\u00e2ncia do Servi\u00e7o de Atendimento M\u00f3vel de Urg\u00eancia (SAMU) foi chamada at\u00e9 o local e o m\u00e9dico socorrista constatou a morte da v\u00edtima. Vitor foi atingido com um tiro na nuca, um na cabe\u00e7a e dois tiros nas costas.&nbsp;<\/p>\n\n\n\n<p>Segundo informa\u00e7\u00f5es apuradas pelo&nbsp;<strong>sbtinterior.com<\/strong>, Vitor estava internado na Funda\u00e7\u00e3o Casa e havia sido liberado da unidade h\u00e1 dois meses. Ele disse para o pai que sabia que iriam atr\u00e1s dele e queria que a fam\u00edlia mudasse de endere\u00e7o. O homem afirmou para a reportagem que a mudan\u00e7a estava confirmada ainda para dezembro.&nbsp;<\/p>\n\n\n\n<p>Policiais Militares e a Pol\u00edcia Civil da DEIC estiveram no local, que foi periciado. Um proj\u00e9til foi apreendido e ser\u00e1 analisado. O corpo do adolescente foi encaminhado ao Instituto M\u00e9dico Legal (IML). O enterro dever\u00e1 ser no cemit\u00e9rio S\u00e3o Jo\u00e3o Batista, mas ainda n\u00e3o foi programado.\u00a0<\/p>\n\n\n\n<p><strong><em><strong><em><strong>Participe da comunidade do Canal Roni Paparazzi no Whatsapp e receba as principais not\u00edcias do dia direto no seu celular.<\/strong>\u00a0<a href=\"https:\/\/chat.whatsapp.com\/GsG1XKo0jPOEfjzudWQcml\" target=\"_blank\" rel=\"noreferrer noopener\">\u00a0Clique aqui e se inscreva.<\/a><\/em><\/strong><\/em><\/strong><\/p>\n\n\n\n<p><a href=\"https:\/\/www.paparazzinews.com.br\/wp-admin\/post.php?post=7355&amp;action=edit\"><\/a><\/p>\n\n\n\n<p><a href=\"https:\/\/www.paparazzinews.com.br\/wp-admin\/post.php?post=7358&amp;action=edit\"><\/a><\/p>\n\n\n\n<p><a href=\"https:\/\/www.paparazzinews.com.br\/wp-admin\/post.php?post=7361&amp;action=edit\"><\/a><\/p>\n\n\n\n<p><a href=\"https:\/\/www.paparazzinews.com.br\/wp-admin\/post.php?post=7364&amp;action=edit\"><\/a><\/p>\n","protected":false},"excerpt":{"rendered":"<p>A Delegacia de Homic\u00eddios da Divis\u00e3o Especializada em Investiga\u00e7\u00f5es Criminais (DEIC) vai investigar o assassinato que vitimou o adolescente Vitor Hugo de Castro, na noite da \u00faltima segunda-feira (11\/12), na casa em que ele morava com o pai, no Jardim Arroyo, bairro da regi\u00e3o norte da cidade. De acordo com informa\u00e7\u00f5es do boletim de ocorr\u00eancia, &hellip;<\/p>\n","protected":false},"author":1,"featured_media":7368,"comment_status":"open","ping_status":"open","sticky":false,"template":"","format":"standard","meta":{"_jetpack_memberships_contains_paid_content":false,"footnotes":"","jetpack_publicize_message":"","jetpack_publicize_feature_enabled":true,"jetpack_social_post_already_shared":false,"jetpack_social_options":{"image_generator_settings":{"template":"highway","default_image_id":0,"enabled":false},"version":2}},"categories":[3],"tags":[],"class_list":["post-7367","post","type-post","status-publish","format-standard","has-post-thumbnail","hentry","category-policial"],"jetpack_publicize_connections":[],"jetpack_featured_media_url":"https:\/\/i0.wp.com\/www.paparazzinews.com.br\/wp-content\/uploads\/2023\/12\/adolescente-de-17-anos-e-morto-a-tiros-dentro-de-casa-em-rio-preto-121223_111140.jpg?fit=600%2C534&ssl=1","views":"4739","jetpack_likes_enabled":true,"jetpack_sharing_enabled":true,"_links":{"self":[{"href":"https:\/\/www.paparazzinews.com.br\/index.php?rest_route=\/wp\/v2\/posts\/7367","targetHints":{"allow":["GET"]}}],"collection":[{"href":"https:\/\/www.paparazzinews.com.br\/index.php?rest_route=\/wp\/v2\/posts"}],"about":[{"href":"https:\/\/www.paparazzinews.com.br\/index.php?rest_route=\/wp\/v2\/types\/post"}],"author":[{"embeddable":true,"href":"https:\/\/www.paparazzinews.com.br\/index.php?rest_route=\/wp\/v2\/users\/1"}],"replies":[{"embeddable":true,"href":"https:\/\/www.paparazzinews.com.br\/index.php?rest_route=%2Fwp%2Fv2%2Fcomments&post=7367"}],"version-history":[{"count":1,"href":"https:\/\/www.paparazzinews.com.br\/index.php?rest_route=\/wp\/v2\/posts\/7367\/revisions"}],"predecessor-version":[{"id":7369,"href":"https:\/\/www.paparazzinews.com.br\/index.php?rest_route=\/wp\/v2\/posts\/7367\/revisions\/7369"}],"wp:featuredmedia":[{"embeddable":true,"href":"https:\/\/www.paparazzinews.com.br\/index.php?rest_route=\/wp\/v2\/media\/7368"}],"wp:attachment":[{"href":"https:\/\/www.paparazzinews.com.br\/index.php?rest_route=%2Fwp%2Fv2%2Fmedia&parent=7367"}],"wp:term":[{"taxonomy":"category","embeddable":true,"href":"https:\/\/www.paparazzinews.com.br\/index.php?rest_route=%2Fwp%2Fv2%2Fcategories&post=7367"},{"taxonomy":"post_tag","embeddable":true,"href":"https:\/\/www.paparazzinews.com.br\/index.php?rest_route=%2Fwp%2Fv2%2Ftags&post=7367"}],"curies":[{"name":"wp","href":"https:\/\/api.w.org\/{rel}","templated":true}]}}