{"id":7314,"date":"2023-12-07T13:22:39","date_gmt":"2023-12-07T16:22:39","guid":{"rendered":"https:\/\/www.paparazzinews.com.br\/?p=7314"},"modified":"2023-12-07T13:22:40","modified_gmt":"2023-12-07T16:22:40","slug":"igua-saneamento-realiza-acoes-simultaneas-no-dia-internacional-do-voluntario-com-o-conexao-voluntarigua","status":"publish","type":"post","link":"https:\/\/www.paparazzinews.com.br\/?p=7314","title":{"rendered":"Igu\u00e1 Saneamento realiza a\u00e7\u00f5es simult\u00e2neas no Dia Internacional do Volunt\u00e1rio com o \u201cConex\u00e3o Voluntarigu\u00e1\u201d"},"content":{"rendered":"\n<p>Primeira edi\u00e7\u00e3o promove 28 a\u00e7\u00f5es para mobilizar os colaboradores no trabalho volunt\u00e1rio, \u00c1guas Andradina e \u00c1guas Castilho fazem parte deste programa<\/p>\n\n\n\n<p>Em sintonia com o esp\u00edrito solid\u00e1rio celebrado pelo Dia Internacional do Volunt\u00e1rio (05\/12), a Igu\u00e1 Saneamento, controladora da \u00c1guas Andradina e da \u00c1guas Castilho, concession\u00e1rias de \u00e1gua e esgoto de Andradina e Castilho junto com a Sabesp, respectivamente, promove nos pr\u00f3ximos dias, o projeto \u201cConex\u00e3o Voluntarigu\u00e1\u201d, que estimula o engajamento dos colaboradores de todas as unidades da empresa a participarem de a\u00e7\u00f5es de sociais que visam contribuir com a redu\u00e7\u00e3o das desigualdades nas comunidades do entorno da empresa.<\/p>\n\n\n\n<p>Neste ano, 28 a\u00e7\u00f5es ocorrer\u00e3o de forma simult\u00e2nea em todas as opera\u00e7\u00f5es do Grupo e beneficiar\u00e3o diversas institui\u00e7\u00f5es que atuam em frentes estruturantes para a sociedade como: educa\u00e7\u00e3o, assist\u00eancia social, cultura, esporte e sa\u00fade. Entre as atividades a serem realizadas est\u00e3o a doa\u00e7\u00e3o de sangue, reforma e plantio de horta, rodas de conversas e simula\u00e7\u00e3o de entrevista com jovens, oficinas l\u00fadicas com crian\u00e7as, atividades com idosos e entregas de cestas b\u00e1sicas para fam\u00edlias em vulnerabilidade social.<\/p>\n\n\n\n<p>Focada em gerar impacto positivo e ampliar o alcance da Igu\u00e1, o evento reafirma o compromisso da companhia com a Responsabilidade Social, um dos pilares estrat\u00e9gicos da empresa.<\/p>\n\n\n\n<p>O Dia Internacional do Volunt\u00e1rio foi institu\u00eddo em 1985 pela ONU e \u00e9 comemorado no dia 5 de dezembro com o objetivo de promover a\u00e7\u00f5es de voluntariado em todas as esferas da sociedade, ao redor do mundo.<\/p>\n\n\n\n<p><strong>Destaque do \u201cConex\u00e3o Voluntarigu\u00e1\u201d<\/strong><\/p>\n\n\n\n<p>Em Andradina, colaboradores volunt\u00e1rios da \u00c1guas Andradina participaram do caf\u00e9 da manh\u00e3 de encerramento do ano das crian\u00e7as e fam\u00edlias atendidas na Creche Irm\u00e3 Joaninha, no \u00faltimo dia 1\/12. E em Castilho, colaboradores da \u00c1guas Castilho far\u00e3o um caf\u00e9 da tarde com muitos jogos de intera\u00e7\u00e3o para os 56 idosos atendidos no Asilo Betel. \u00c9 importante refor\u00e7ar que as concession\u00e1rias mant\u00eam uma agenda de iniciativas de responsabilidade social no decorrer do ano, sempre incentivando os times a se tornarem volunt\u00e1rios.<\/p>\n\n\n\n<p>O \u201cConex\u00e3o Voluntarigu\u00e1\u201d \u00e9 uma iniciativa do programa Voluntarigu\u00e1, que desde 2021 incentiva os colaboradores a praticar o voluntariado em a\u00e7\u00f5es de impacto social e ambiental nas comunidades em que a Igu\u00e1 atua. Neste ano, mais de 960 volunt\u00e1rios \u00fanicos estiveram presentes, somando 2.166 mil participa\u00e7\u00f5es volunt\u00e1rias com realiza\u00e7\u00e3o de reformas, pinturas e reparos em instala\u00e7\u00f5es de organiza\u00e7\u00f5es sociais; mutir\u00f5es de limpeza urbana, em rios, c\u00f3rregos e nascentes; cultivo de hortas comunit\u00e1rias; plantio de mudas; palestras e atividades recreativas com crian\u00e7as, jovens e idosos; doa\u00e7\u00f5es de cestas b\u00e1sicas; banhos solid\u00e1rios para pessoas em extrema vulnerabilidade social; oficinas de culin\u00e1rias sustent\u00e1vel; entre outras.<\/p>\n\n\n\n<p>\u201cEst\u00e1 no cora\u00e7\u00e3o da Igu\u00e1 zelar pela qualidade de vida das pessoas. Em 2021, demos o primeiro passo com a cria\u00e7\u00e3o do VoluntarIgu\u00e1 e hoje temos quase 1.000 volunt\u00e1rios em todas as opera\u00e7\u00f5es. E assim pretendemos seguir, colaborando cada vez mais com a sociedade, com o meio ambiente e tamb\u00e9m com a nossa gente. Pois ser volunt\u00e1rio \u00e9 se doar para contribuir para um mundo melhor\u201d, afirma Talita Calimann, diretora executiva de Assuntos Corporativos.<\/p>\n\n\n\n<p><strong><em><strong><em><strong>Participe da comunidade do Canal Roni Paparazzi no Whatsapp e receba as principais not\u00edcias do dia direto no seu celular.<\/strong>\u00a0<a href=\"https:\/\/chat.whatsapp.com\/GsG1XKo0jPOEfjzudWQcml\" target=\"_blank\" rel=\"noreferrer noopener\">\u00a0Clique aqui e se inscreva.<\/a><\/em><\/strong><\/em><\/strong><\/p>\n","protected":false},"excerpt":{"rendered":"<p>Primeira edi\u00e7\u00e3o promove 28 a\u00e7\u00f5es para mobilizar os colaboradores no trabalho volunt\u00e1rio, \u00c1guas Andradina e \u00c1guas Castilho fazem parte deste programa Em sintonia com o esp\u00edrito solid\u00e1rio celebrado pelo Dia Internacional do Volunt\u00e1rio (05\/12), a Igu\u00e1 Saneamento, controladora da \u00c1guas Andradina e da \u00c1guas Castilho, concession\u00e1rias de \u00e1gua e esgoto de Andradina e Castilho junto &hellip;<\/p>\n","protected":false},"author":1,"featured_media":7315,"comment_status":"open","ping_status":"open","sticky":false,"template":"","format":"standard","meta":{"_jetpack_memberships_contains_paid_content":false,"footnotes":"","jetpack_publicize_message":"","jetpack_publicize_feature_enabled":true,"jetpack_social_post_already_shared":false,"jetpack_social_options":{"image_generator_settings":{"template":"highway","default_image_id":0,"enabled":false},"version":2}},"categories":[6],"tags":[],"class_list":["post-7314","post","type-post","status-publish","format-standard","has-post-thumbnail","hentry","category-entretenimento"],"jetpack_publicize_connections":[],"jetpack_featured_media_url":"https:\/\/i0.wp.com\/www.paparazzinews.com.br\/wp-content\/uploads\/2023\/12\/306500c8-0ba8-4f07-afa8-05f4a9a56fdd-e1701966121513.jpg?fit=1000%2C1333&ssl=1","views":"3370","jetpack_likes_enabled":true,"jetpack_sharing_enabled":true,"_links":{"self":[{"href":"https:\/\/www.paparazzinews.com.br\/index.php?rest_route=\/wp\/v2\/posts\/7314","targetHints":{"allow":["GET"]}}],"collection":[{"href":"https:\/\/www.paparazzinews.com.br\/index.php?rest_route=\/wp\/v2\/posts"}],"about":[{"href":"https:\/\/www.paparazzinews.com.br\/index.php?rest_route=\/wp\/v2\/types\/post"}],"author":[{"embeddable":true,"href":"https:\/\/www.paparazzinews.com.br\/index.php?rest_route=\/wp\/v2\/users\/1"}],"replies":[{"embeddable":true,"href":"https:\/\/www.paparazzinews.com.br\/index.php?rest_route=%2Fwp%2Fv2%2Fcomments&post=7314"}],"version-history":[{"count":1,"href":"https:\/\/www.paparazzinews.com.br\/index.php?rest_route=\/wp\/v2\/posts\/7314\/revisions"}],"predecessor-version":[{"id":7316,"href":"https:\/\/www.paparazzinews.com.br\/index.php?rest_route=\/wp\/v2\/posts\/7314\/revisions\/7316"}],"wp:featuredmedia":[{"embeddable":true,"href":"https:\/\/www.paparazzinews.com.br\/index.php?rest_route=\/wp\/v2\/media\/7315"}],"wp:attachment":[{"href":"https:\/\/www.paparazzinews.com.br\/index.php?rest_route=%2Fwp%2Fv2%2Fmedia&parent=7314"}],"wp:term":[{"taxonomy":"category","embeddable":true,"href":"https:\/\/www.paparazzinews.com.br\/index.php?rest_route=%2Fwp%2Fv2%2Fcategories&post=7314"},{"taxonomy":"post_tag","embeddable":true,"href":"https:\/\/www.paparazzinews.com.br\/index.php?rest_route=%2Fwp%2Fv2%2Ftags&post=7314"}],"curies":[{"name":"wp","href":"https:\/\/api.w.org\/{rel}","templated":true}]}}