{"id":729,"date":"2022-09-15T17:29:05","date_gmt":"2022-09-15T20:29:05","guid":{"rendered":"https:\/\/www.paparazzinews.com.br\/?p=729"},"modified":"2022-09-15T17:29:06","modified_gmt":"2022-09-15T20:29:06","slug":"castilho-promovera-simposio-e-mesa-redonda-com-o-tema-valorizacao-da-vida","status":"publish","type":"post","link":"https:\/\/www.paparazzinews.com.br\/?p=729","title":{"rendered":"Castilho promover\u00e1 Simp\u00f3sio e Mesa Redonda com o tema \u201cValoriza\u00e7\u00e3o da Vida\u201d"},"content":{"rendered":"\n<p>Autoridades especializadas em v\u00e1rias \u00e1reas de conhecimento foram convidadas a tratar sobre assuntos ligados \u00e0 campanha Setembro Amarelo, com foco na \u2018Preven\u00e7\u00e3o ao Suic\u00eddio\u2019<\/p>\n\n\n\n<p>A Prefeitura de Castilho marcou para a manh\u00e3 do pr\u00f3ximo dia 23, mais uma importante a\u00e7\u00e3o intersetorial de conscientiza\u00e7\u00e3o sobre a campanha nacional de Preven\u00e7\u00e3o ao Suic\u00eddio \u2013 tamb\u00e9m conhecida como Setembro Amarelo.<\/p>\n\n\n\n<p>O simp\u00f3sio que acontecer\u00e1 das 08 \u00e0s 11h no Anfiteatro do CIEC, ter\u00e1 o formato de Mesa Redonda com a participa\u00e7\u00e3o de 05 profissionais altamente capacitados e cujos trabalhos preventivos e de conscientiza\u00e7\u00e3o social s\u00e3o reconhecidos em toda a regi\u00e3o.<\/p>\n\n\n\n<p><strong>CONVIDADOS<\/strong> \u2013 De acordo com a Secret\u00e1ria de Educa\u00e7\u00e3o, Cultura e Desporto, Silv\u00e2nia Cintra, o jornalista Sidnei Ferreira e a coordenadora pedag\u00f3gica Emilene Zaguetti, conduzir\u00e3o o Ciclo de Palestras, concedendo o mesmo tempo de fala aos seguintes convidados:<\/p>\n\n\n\n<p>Dra. Priscila Raquel Salom\u00e3o de Oliveira Neves &#8211; M\u00e9dica psiquiatra &#8211; Especialista pela ABP &#8211; Associa\u00e7\u00e3o Brasileira de Psiquiatria. Profissional dedicada \u00e0 \u00e1rea h\u00e1 11 anos. Dr. Marcelo da Silva Zompero, Delegado Assistente da Seccional de Andradina; Delegado da DISE &#8211; Delegacia de Investiga\u00e7\u00f5es Sobre Entorpecentes; atua no NECRIM &#8211; N\u00facleo Especial Criminal dedicado a solu\u00e7\u00e3o de conflitos de interesses; atua tamb\u00e9m na Corregedoria de Pol\u00edcia de Andradina; Professor de Processo Penal na FEA \u2013 Andradina e P\u00f3s Graduado em Filosofia.<\/p>\n\n\n\n<p><br>Dr. Carlos Ant\u00f4nio Mendon\u00e7a Casati, Advogado com especialidade em causas Criminais, C\u00edveis e Familiares; Ex-Delegado Seccional de Pol\u00edcia, atual presidente do NAVIA &#8211; N\u00facleo de Apoio \u00e0 Vida de Andradina e representante do CVV \u2013 Centro de Valoriza\u00e7\u00e3o da Vida, de Andradina.<br>Professora Sel\u00eania Silvia Witter Melo, Pedagoga com Mestrado e v\u00e1rias especializa\u00e7\u00f5es em Gest\u00e3o Educacional; Forma\u00e7\u00e3o em Direitos Humanos e no ECA \u2013 Estatuto da Crian\u00e7a e Adolescente; Dirigente Regional de Educa\u00e7\u00e3o e palestrante de honra na I Confer\u00eancia Intermunicipal de Educa\u00e7\u00e3o.<br>Pe. Paulo S\u00e9rgio Martins \u2013 Doutorando em Letras na UFMS, Mestre em Filosofia pela Unesp, Te\u00f3logo pela faculdade Jo\u00e3o Paulo II, Especialista em Espa\u00e7o Lit\u00fargico e Arte Sacra pela PUC-RS e P\u00e1roco local da Igreja Matriz S\u00e3o Jos\u00e9.<\/p>\n\n\n\n<p>Neste per\u00edodo, eles abordar\u00e3o temas variados, focando na preven\u00e7\u00e3o ao suic\u00eddio e v\u00e1rios outros fatores que contribuem para que o Brasil ocupe a 8\u00aa posi\u00e7\u00e3o no ranking de suic\u00eddios registrados anualmente em todo o mundo. Tamb\u00e9m \u00e9 neste per\u00edodo que profissionais de Sa\u00fade, Assist\u00eancia Social, Educadores e Gestores das escolas p\u00fablicas municipais e estaduais de toda a regi\u00e3o, al\u00e9m de membros da sociedade civil organizada e cidad\u00e3os em geral interessados nos temas, poder\u00e3o anotar seus questionamentos aos palestrantes e encaminh\u00e1-los aos moderadores da Mesa Redonda que se seguir\u00e1 ao simp\u00f3sio inicial.<br>Ser\u00e1 ap\u00f3s a coleta destas perguntas, que Sidnei e Emilene ouvir\u00e3o cada um dos palestrantes sobre as d\u00favidas da plateia.<\/p>\n\n\n\n<p><strong>A\u00c7\u00c3O INTERSETORIA<\/strong>L \u2013 O evento integra o calend\u00e1rio oficial das atividades programadas pela Prefeitura de Castilho para despertar nos cidad\u00e3os a import\u00e2ncia desta campanha anual de Valoriza\u00e7\u00e3o da Vida.<br>Para organiz\u00e1-la, o prefeito Paulo Boaventura mobilizou todos os setores das secretarias de Educa\u00e7\u00e3o, Cultura e Desporto; de Assist\u00eancia Social e Cidadania; Sa\u00fade e Vigil\u00e2ncia Epidemiol\u00f3gica; al\u00e9m do Fundo Social de Solidariedade de Castilho.<\/p>\n\n\n\n<p><br>O trabalho conjunto das Secretarias Municipais e sociedade organizada tem sido o principal ingrediente do sucesso e amplo alcance social das variadas a\u00e7\u00f5es promovidas pela Prefeitura de Castilho desde o in\u00edcio do ano passado.<\/p>\n\n\n\n<p><br>O CVV \u2013 Centro de Valoriza\u00e7\u00e3o da Vida, a Diretoria Regional de Educa\u00e7\u00e3o e a C\u00e2mara de Vereadores de Castilho tamb\u00e9m participam ativamente da programa\u00e7\u00e3o.<\/p>\n","protected":false},"excerpt":{"rendered":"<p>Autoridades especializadas em v\u00e1rias \u00e1reas de conhecimento foram convidadas a tratar sobre assuntos ligados \u00e0 campanha Setembro Amarelo, com foco na \u2018Preven\u00e7\u00e3o ao Suic\u00eddio\u2019 A Prefeitura de Castilho marcou para a manh\u00e3 do pr\u00f3ximo dia 23, mais uma importante a\u00e7\u00e3o intersetorial de conscientiza\u00e7\u00e3o sobre a campanha nacional de Preven\u00e7\u00e3o ao Suic\u00eddio \u2013 tamb\u00e9m conhecida como &hellip;<\/p>\n","protected":false},"author":1,"featured_media":730,"comment_status":"open","ping_status":"open","sticky":false,"template":"","format":"standard","meta":{"_jetpack_memberships_contains_paid_content":false,"footnotes":"","jetpack_publicize_message":"","jetpack_publicize_feature_enabled":true,"jetpack_social_post_already_shared":false,"jetpack_social_options":{"image_generator_settings":{"template":"highway","default_image_id":0,"enabled":false},"version":2}},"categories":[4],"tags":[],"class_list":["post-729","post","type-post","status-publish","format-standard","has-post-thumbnail","hentry","category-regiao"],"jetpack_publicize_connections":[],"jetpack_featured_media_url":"https:\/\/i0.wp.com\/www.paparazzinews.com.br\/wp-content\/uploads\/2022\/09\/27ec33bf-ba4d-447e-938d-7a7be8d03c54.jpg?fit=513%2C1280&ssl=1","views":"3077","jetpack_likes_enabled":true,"jetpack_sharing_enabled":true,"_links":{"self":[{"href":"https:\/\/www.paparazzinews.com.br\/index.php?rest_route=\/wp\/v2\/posts\/729","targetHints":{"allow":["GET"]}}],"collection":[{"href":"https:\/\/www.paparazzinews.com.br\/index.php?rest_route=\/wp\/v2\/posts"}],"about":[{"href":"https:\/\/www.paparazzinews.com.br\/index.php?rest_route=\/wp\/v2\/types\/post"}],"author":[{"embeddable":true,"href":"https:\/\/www.paparazzinews.com.br\/index.php?rest_route=\/wp\/v2\/users\/1"}],"replies":[{"embeddable":true,"href":"https:\/\/www.paparazzinews.com.br\/index.php?rest_route=%2Fwp%2Fv2%2Fcomments&post=729"}],"version-history":[{"count":1,"href":"https:\/\/www.paparazzinews.com.br\/index.php?rest_route=\/wp\/v2\/posts\/729\/revisions"}],"predecessor-version":[{"id":731,"href":"https:\/\/www.paparazzinews.com.br\/index.php?rest_route=\/wp\/v2\/posts\/729\/revisions\/731"}],"wp:featuredmedia":[{"embeddable":true,"href":"https:\/\/www.paparazzinews.com.br\/index.php?rest_route=\/wp\/v2\/media\/730"}],"wp:attachment":[{"href":"https:\/\/www.paparazzinews.com.br\/index.php?rest_route=%2Fwp%2Fv2%2Fmedia&parent=729"}],"wp:term":[{"taxonomy":"category","embeddable":true,"href":"https:\/\/www.paparazzinews.com.br\/index.php?rest_route=%2Fwp%2Fv2%2Fcategories&post=729"},{"taxonomy":"post_tag","embeddable":true,"href":"https:\/\/www.paparazzinews.com.br\/index.php?rest_route=%2Fwp%2Fv2%2Ftags&post=729"}],"curies":[{"name":"wp","href":"https:\/\/api.w.org\/{rel}","templated":true}]}}