{"id":7272,"date":"2023-11-30T09:53:21","date_gmt":"2023-11-30T12:53:21","guid":{"rendered":"https:\/\/www.paparazzinews.com.br\/?p=7272"},"modified":"2023-11-30T09:53:22","modified_gmt":"2023-11-30T12:53:22","slug":"corpo-de-bombeiros-oferta-medalha-para-paulo-boaventura","status":"publish","type":"post","link":"https:\/\/www.paparazzinews.com.br\/?p=7272","title":{"rendered":"Corpo de Bombeiros oferta medalha para Paulo Boaventura"},"content":{"rendered":"\n<p>A convite do coronel Nilton Cesar Zacarias Pereira, comandante do Bombeiro do Interior, e do diretor presidente da Funda\u00e7\u00e3o de Apoio ao Corpo de Bombeiros, coronel Valdir Pav\u00e3o, o prefeito Paulo Boaventura foi contemplado nesta noite de quarta-feira (29), em Ara\u00e7atuba, com a medalha HER\u00d3IS DO FOGO, como reconhecimento do trabalho.<\/p>\n\n\n\n<p>Nesta quinta-feira (30), Paulo usou suas redes sociais para agradecer a homenagem, &#8220;quero dividir essa homenagem com todos nossos Brigadistas municipais, pois nossa <a href=\"https:\/\/www.facebook.com\/profile.php?id=100082663208992&amp;__cft__[0]=AZVtI1Fb7hG4mXj0_9bFX8a--vhYdRuSvyRTsN5KbrKX9DIyNcYTz2dDd_6awIt0tjTtWwkMZm7vo8bNzz9G9FAagqR9VCEtWT6wJcxo4mmMDyBbv4d4jc8fPd4-aY9YDTbMk8N1XgB3yn6RCsME1CU05vsbOlw0LVkDc9GJOgzabbCxZ5Ws7CHtcPfz9ZORrGQ&amp;__tn__=-]K-R\">Brigada Castilho<\/a> tem feito a diferen\u00e7a e esta medalha \u00e9 a coroa\u00e7\u00e3o deste trabalho&#8221;.<\/p>\n\n\n\n<p>Na pessoa do capit\u00e3o Spessoto, do Corpo de Bombeiros, quero tamb\u00e9m agradecer ao cabo Rufino pela atua\u00e7\u00e3o em nossa cidade. Pois nesse mesmo dia tamb\u00e9m celebramos o 1\u00b0 anivers\u00e1rio da implanta\u00e7\u00e3o da Base Comunit\u00e1ria do Corpo de Bombeiros em Castilho.<\/p>\n\n\n\n<p>Uma conquista \u00edmpar com reflexo de investimentos nunca feito antes na hist\u00f3ria da cidade em prol da seguran\u00e7a de nossa popula\u00e7\u00e3o. Pois hoje podemos dizer que Castilho tem Bombeiro 24h e que atua junto a nossa Brigada a qualquer hora do dia ou da noite.<\/p>\n\n\n\n<p><strong><em><strong><em><strong>Participe da comunidade do Canal Roni Paparazzi no Whatsapp e receba as principais not\u00edcias do dia direto no seu celular.<\/strong>\u00a0<a href=\"https:\/\/chat.whatsapp.com\/GsG1XKo0jPOEfjzudWQcml\" target=\"_blank\" rel=\"noreferrer noopener\">\u00a0Clique aqui e se inscreva.<\/a><\/em><\/strong><\/em><\/strong><\/p>\n\n\n\n<p><a href=\"https:\/\/www.paparazzinews.com.br\/wp-admin\/post.php?post=7269&amp;action=edit\"><\/a><\/p>\n","protected":false},"excerpt":{"rendered":"<p>A convite do coronel Nilton Cesar Zacarias Pereira, comandante do Bombeiro do Interior, e do diretor presidente da Funda\u00e7\u00e3o de Apoio ao Corpo de Bombeiros, coronel Valdir Pav\u00e3o, o prefeito Paulo Boaventura foi contemplado nesta noite de quarta-feira (29), em Ara\u00e7atuba, com a medalha HER\u00d3IS DO FOGO, como reconhecimento do trabalho. Nesta quinta-feira (30), Paulo &hellip;<\/p>\n","protected":false},"author":1,"featured_media":7273,"comment_status":"open","ping_status":"open","sticky":false,"template":"","format":"standard","meta":{"_jetpack_memberships_contains_paid_content":false,"footnotes":"","jetpack_publicize_message":"","jetpack_publicize_feature_enabled":true,"jetpack_social_post_already_shared":false,"jetpack_social_options":{"image_generator_settings":{"template":"highway","default_image_id":0,"enabled":false},"version":2}},"categories":[4],"tags":[],"class_list":["post-7272","post","type-post","status-publish","format-standard","has-post-thumbnail","hentry","category-regiao"],"jetpack_publicize_connections":[],"jetpack_featured_media_url":"https:\/\/i0.wp.com\/www.paparazzinews.com.br\/wp-content\/uploads\/2023\/11\/406401305_1018459552655137_701885853661393806_n-e1701348780496.jpg?fit=1000%2C326&ssl=1","views":"5310","jetpack_likes_enabled":true,"jetpack_sharing_enabled":true,"_links":{"self":[{"href":"https:\/\/www.paparazzinews.com.br\/index.php?rest_route=\/wp\/v2\/posts\/7272","targetHints":{"allow":["GET"]}}],"collection":[{"href":"https:\/\/www.paparazzinews.com.br\/index.php?rest_route=\/wp\/v2\/posts"}],"about":[{"href":"https:\/\/www.paparazzinews.com.br\/index.php?rest_route=\/wp\/v2\/types\/post"}],"author":[{"embeddable":true,"href":"https:\/\/www.paparazzinews.com.br\/index.php?rest_route=\/wp\/v2\/users\/1"}],"replies":[{"embeddable":true,"href":"https:\/\/www.paparazzinews.com.br\/index.php?rest_route=%2Fwp%2Fv2%2Fcomments&post=7272"}],"version-history":[{"count":1,"href":"https:\/\/www.paparazzinews.com.br\/index.php?rest_route=\/wp\/v2\/posts\/7272\/revisions"}],"predecessor-version":[{"id":7274,"href":"https:\/\/www.paparazzinews.com.br\/index.php?rest_route=\/wp\/v2\/posts\/7272\/revisions\/7274"}],"wp:featuredmedia":[{"embeddable":true,"href":"https:\/\/www.paparazzinews.com.br\/index.php?rest_route=\/wp\/v2\/media\/7273"}],"wp:attachment":[{"href":"https:\/\/www.paparazzinews.com.br\/index.php?rest_route=%2Fwp%2Fv2%2Fmedia&parent=7272"}],"wp:term":[{"taxonomy":"category","embeddable":true,"href":"https:\/\/www.paparazzinews.com.br\/index.php?rest_route=%2Fwp%2Fv2%2Fcategories&post=7272"},{"taxonomy":"post_tag","embeddable":true,"href":"https:\/\/www.paparazzinews.com.br\/index.php?rest_route=%2Fwp%2Fv2%2Ftags&post=7272"}],"curies":[{"name":"wp","href":"https:\/\/api.w.org\/{rel}","templated":true}]}}