{"id":7267,"date":"2023-11-29T15:57:34","date_gmt":"2023-11-29T18:57:34","guid":{"rendered":"https:\/\/www.paparazzinews.com.br\/?p=7267"},"modified":"2023-11-29T15:57:35","modified_gmt":"2023-11-29T18:57:35","slug":"forca-tatica-prende-homem-condenado-por-trafico-de-drogas-e-assalto","status":"publish","type":"post","link":"https:\/\/www.paparazzinews.com.br\/?p=7267","title":{"rendered":"For\u00e7a T\u00e1tica prende homem condenado por tr\u00e1fico de drogas e assalto"},"content":{"rendered":"\n<p>Na manh\u00e3 desta quarta-feira, dia 29, uma equipe de For\u00e7a T\u00e1tica de Andradina, em patrulhamento pelo bairro Vila Rica, abordou indiv\u00edduo, 38 anos, morador de Taquaritinga\/SP.<\/p>\n\n\n\n<p>Indagado sobre seus dados pessoais, tentou ludibriar a equipe fornecendo dados falsos, mas em pesquisas detalhadas juntos aos bancos de dados criminais, constataram que ele era evadido da penitenci\u00e1ria de Campo Grande\/MS, onde cumpria pena por Tr\u00e1fico de drogas, al\u00e9m de haver contra ele um mandado de pris\u00e3o, com pena a cumprir por 7 anos e 4 meses, pelo crime de roubo, cometido na cidade de Parana\u00edba\/ MS, sendo ele conduzido ao DP local, onde permaneceu preso, \u00e0 disposi\u00e7\u00e3o da Justi\u00e7a.<\/p>\n\n\n\n<p><strong><em><strong><em><strong>Participe da comunidade do Canal Roni Paparazzi no Whatsapp e receba as principais not\u00edcias do dia direto no seu celular.<\/strong>\u00a0<a href=\"https:\/\/chat.whatsapp.com\/GsG1XKo0jPOEfjzudWQcml\" target=\"_blank\" rel=\"noreferrer noopener\">\u00a0Clique aqui e se inscreva.<\/a><\/em><\/strong><\/em><\/strong><\/p>\n","protected":false},"excerpt":{"rendered":"<p>Na manh\u00e3 desta quarta-feira, dia 29, uma equipe de For\u00e7a T\u00e1tica de Andradina, em patrulhamento pelo bairro Vila Rica, abordou indiv\u00edduo, 38 anos, morador de Taquaritinga\/SP. Indagado sobre seus dados pessoais, tentou ludibriar a equipe fornecendo dados falsos, mas em pesquisas detalhadas juntos aos bancos de dados criminais, constataram que ele era evadido da penitenci\u00e1ria &hellip;<\/p>\n","protected":false},"author":1,"featured_media":5874,"comment_status":"open","ping_status":"open","sticky":false,"template":"","format":"standard","meta":{"_jetpack_memberships_contains_paid_content":false,"footnotes":"","jetpack_publicize_message":"","jetpack_publicize_feature_enabled":true,"jetpack_social_post_already_shared":false,"jetpack_social_options":{"image_generator_settings":{"template":"highway","default_image_id":0,"enabled":false},"version":2}},"categories":[3],"tags":[],"class_list":["post-7267","post","type-post","status-publish","format-standard","has-post-thumbnail","hentry","category-policial"],"jetpack_publicize_connections":[],"jetpack_featured_media_url":"https:\/\/i0.wp.com\/www.paparazzinews.com.br\/wp-content\/uploads\/2023\/09\/IMG_20200223_183020-scaled-e1695226076756.jpg?fit=1000%2C563&ssl=1","views":"3752","jetpack_likes_enabled":true,"jetpack_sharing_enabled":true,"_links":{"self":[{"href":"https:\/\/www.paparazzinews.com.br\/index.php?rest_route=\/wp\/v2\/posts\/7267","targetHints":{"allow":["GET"]}}],"collection":[{"href":"https:\/\/www.paparazzinews.com.br\/index.php?rest_route=\/wp\/v2\/posts"}],"about":[{"href":"https:\/\/www.paparazzinews.com.br\/index.php?rest_route=\/wp\/v2\/types\/post"}],"author":[{"embeddable":true,"href":"https:\/\/www.paparazzinews.com.br\/index.php?rest_route=\/wp\/v2\/users\/1"}],"replies":[{"embeddable":true,"href":"https:\/\/www.paparazzinews.com.br\/index.php?rest_route=%2Fwp%2Fv2%2Fcomments&post=7267"}],"version-history":[{"count":1,"href":"https:\/\/www.paparazzinews.com.br\/index.php?rest_route=\/wp\/v2\/posts\/7267\/revisions"}],"predecessor-version":[{"id":7268,"href":"https:\/\/www.paparazzinews.com.br\/index.php?rest_route=\/wp\/v2\/posts\/7267\/revisions\/7268"}],"wp:featuredmedia":[{"embeddable":true,"href":"https:\/\/www.paparazzinews.com.br\/index.php?rest_route=\/wp\/v2\/media\/5874"}],"wp:attachment":[{"href":"https:\/\/www.paparazzinews.com.br\/index.php?rest_route=%2Fwp%2Fv2%2Fmedia&parent=7267"}],"wp:term":[{"taxonomy":"category","embeddable":true,"href":"https:\/\/www.paparazzinews.com.br\/index.php?rest_route=%2Fwp%2Fv2%2Fcategories&post=7267"},{"taxonomy":"post_tag","embeddable":true,"href":"https:\/\/www.paparazzinews.com.br\/index.php?rest_route=%2Fwp%2Fv2%2Ftags&post=7267"}],"curies":[{"name":"wp","href":"https:\/\/api.w.org\/{rel}","templated":true}]}}