{"id":723,"date":"2022-09-15T16:18:08","date_gmt":"2022-09-15T19:18:08","guid":{"rendered":"https:\/\/www.paparazzinews.com.br\/?p=723"},"modified":"2022-09-15T16:18:09","modified_gmt":"2022-09-15T19:18:09","slug":"bazar-solidario-ocorre-em-andradina-ate-sexta","status":"publish","type":"post","link":"https:\/\/www.paparazzinews.com.br\/?p=723","title":{"rendered":"Bazar Solid\u00e1rio ocorre em Andradina at\u00e9 sexta"},"content":{"rendered":"\n<p>O Governo de Andradina por meio do Fundo Social de Solidariedade, iniciou nesta quinta-feira e vai at\u00e9 amanh\u00e3 o 2\u00ba Bazar Solid\u00e1rio, que \u00e9 realizado no Centro Cultural pioneiros de Andradina a partir das 8h30.<\/p>\n\n\n\n<p>Segundo a secret\u00e1ria de Promo\u00e7\u00e3o e Assist\u00eancia Social, Silvana Silva, haver\u00e1 a venda de roupas seminovas e novas, feminina e masculina, sapatos, bolsas, bijuterias entre outros artigos, algumas verdadeiras pechinchas.<\/p>\n\n\n\n<p>Todo o dinheiro arrecadado no bazar ser\u00e1 utilizado na manuten\u00e7\u00e3o e para os atendimentos realizados pelo Fundo Social do munic\u00edpio.<\/p>\n\n\n\n<p>\u201cAproveitam para compra o presente para o Dia das M\u00e3es. Quem prestigiar o bazar tamb\u00e9m colabora com o nosso Fundo Social O Fundo Social, desde j\u00e1, agradece\u201d, disse a 1\u00aa Dama Ju\u00e7ara Lopes.<\/p>\n","protected":false},"excerpt":{"rendered":"<p>O Governo de Andradina por meio do Fundo Social de Solidariedade, iniciou nesta quinta-feira e vai at\u00e9 amanh\u00e3 o 2\u00ba Bazar Solid\u00e1rio, que \u00e9 realizado no Centro Cultural pioneiros de Andradina a partir das 8h30. Segundo a secret\u00e1ria de Promo\u00e7\u00e3o e Assist\u00eancia Social, Silvana Silva, haver\u00e1 a venda de roupas seminovas e novas, feminina e &hellip;<\/p>\n","protected":false},"author":1,"featured_media":724,"comment_status":"open","ping_status":"open","sticky":false,"template":"","format":"standard","meta":{"_jetpack_memberships_contains_paid_content":false,"footnotes":"","jetpack_publicize_message":"","jetpack_publicize_feature_enabled":true,"jetpack_social_post_already_shared":false,"jetpack_social_options":{"image_generator_settings":{"template":"highway","default_image_id":0,"enabled":false},"version":2}},"categories":[4],"tags":[],"class_list":["post-723","post","type-post","status-publish","format-standard","has-post-thumbnail","hentry","category-regiao"],"jetpack_publicize_connections":[],"jetpack_featured_media_url":"https:\/\/i0.wp.com\/www.paparazzinews.com.br\/wp-content\/uploads\/2022\/09\/df0eab84-2ed4-41a9-9b7e-51e6cbe10f44-e1663269463413.jpg?fit=1000%2C666&ssl=1","views":"2465","jetpack_likes_enabled":true,"jetpack_sharing_enabled":true,"_links":{"self":[{"href":"https:\/\/www.paparazzinews.com.br\/index.php?rest_route=\/wp\/v2\/posts\/723","targetHints":{"allow":["GET"]}}],"collection":[{"href":"https:\/\/www.paparazzinews.com.br\/index.php?rest_route=\/wp\/v2\/posts"}],"about":[{"href":"https:\/\/www.paparazzinews.com.br\/index.php?rest_route=\/wp\/v2\/types\/post"}],"author":[{"embeddable":true,"href":"https:\/\/www.paparazzinews.com.br\/index.php?rest_route=\/wp\/v2\/users\/1"}],"replies":[{"embeddable":true,"href":"https:\/\/www.paparazzinews.com.br\/index.php?rest_route=%2Fwp%2Fv2%2Fcomments&post=723"}],"version-history":[{"count":1,"href":"https:\/\/www.paparazzinews.com.br\/index.php?rest_route=\/wp\/v2\/posts\/723\/revisions"}],"predecessor-version":[{"id":725,"href":"https:\/\/www.paparazzinews.com.br\/index.php?rest_route=\/wp\/v2\/posts\/723\/revisions\/725"}],"wp:featuredmedia":[{"embeddable":true,"href":"https:\/\/www.paparazzinews.com.br\/index.php?rest_route=\/wp\/v2\/media\/724"}],"wp:attachment":[{"href":"https:\/\/www.paparazzinews.com.br\/index.php?rest_route=%2Fwp%2Fv2%2Fmedia&parent=723"}],"wp:term":[{"taxonomy":"category","embeddable":true,"href":"https:\/\/www.paparazzinews.com.br\/index.php?rest_route=%2Fwp%2Fv2%2Fcategories&post=723"},{"taxonomy":"post_tag","embeddable":true,"href":"https:\/\/www.paparazzinews.com.br\/index.php?rest_route=%2Fwp%2Fv2%2Ftags&post=723"}],"curies":[{"name":"wp","href":"https:\/\/api.w.org\/{rel}","templated":true}]}}