{"id":7144,"date":"2023-11-22T14:49:18","date_gmt":"2023-11-22T17:49:18","guid":{"rendered":"https:\/\/www.paparazzinews.com.br\/?p=7144"},"modified":"2023-11-22T14:49:19","modified_gmt":"2023-11-22T17:49:19","slug":"rastreador-leva-policia-recuperar-2-carros-furtados-e-prender-o-comprador","status":"publish","type":"post","link":"https:\/\/www.paparazzinews.com.br\/?p=7144","title":{"rendered":"Rastreador leva pol\u00edcia recuperar 2 carros furtados e prender o comprador"},"content":{"rendered":"\n<p>A\u00e7\u00e3o conjunta entre a 2\u00aa Delegacia de Pol\u00edcia Civil de Tr\u00eas Lagoas e o Setor de Investiga\u00e7\u00f5es Gerais culmina na localiza\u00e7\u00e3o e recupera\u00e7\u00e3o de dois ve\u00edculos furtados no Estado da Bahia, e na pris\u00e3o de um indiv\u00edduo, pelo crime de recepta\u00e7\u00e3o. <\/p>\n\n\n\n<p>Em 21\/11\/2023, por volta das 09h00min, a 2\u00aa Delegacia de Pol\u00edcia Civil de Tr\u00eas Lagoas\/MS recebeu liga\u00e7\u00e3o telef\u00f4nica, na qual o interlocutor se apresentou como propriet\u00e1rio de uma locadora de ve\u00edculos, no Estado da Bahia, empresa a qual foi v\u00edtima do crime de furto qualificado, ocorrido naquele Estado, em 29\/09\/2023, oportunidade em que sete ve\u00edculos de sua frota foram subtra\u00eddos mediante fraude. Segundo o solicitante, o ve\u00edculo da marca Fiat, modelo Siena, de cor branca, placas RDI-5C71 ainda estaria com dispositivo de monitoramento parcialmente ativo, e a \u00faltima localiza\u00e7\u00e3o rastreada indicava que o ve\u00edculo estava em tr\u00e2nsito na \u00e1rea urbana de Tr\u00eas Lagoas. <\/p>\n\n\n\n<p>O Solicitante encaminhou c\u00f3pia de ocorr\u00eancia policial, registrada pela Pol\u00edcia Civil de Caetit\u00e9\/BA. Diante disso, a autoridade policial promoveu contato com a Pol\u00edcia Civil do Estado da Bahia, e verificou que o registro policial era aut\u00eantico. A partir de ent\u00e3o, em conjunto com o Setor de Investiga\u00e7\u00f5es Gerais, iniciaram-se dilig\u00eancias com o fim de localizar o ve\u00edculo em quest\u00e3o. Por volta das 14h30min, o ve\u00edculo foi avistado em frente ao im\u00f3vel, localizado na rua Urias Ribeiro, bairro Alto da Boa Vista, aparentemente regularmente estacionado. <\/p>\n\n\n\n<p>Iniciou-se, a partir de ent\u00e3o, atividade de observa\u00e7\u00e3o velada, durante a qual a equipe policial observou o momento em que um indiv\u00edduo saiu do interior do im\u00f3vel e encontrou-se, na cal\u00e7ada, com outro indiv\u00edduo. Ap\u00f3s breve conversa entre ambos, uma mulher, entrou no ve\u00edculo Siena e o conduziu at\u00e9 a esquina com a rua Josino da Cunha Viana, posicionando-o \u00e0 frente do ve\u00edculo VW Saveiro, de cor branca, placas RPD-8D08, ent\u00e3o os indiv\u00edduos retiraram uma caixa de isopor do ve\u00edculo Siena, e um pequeno garraf\u00e3o, e se aproximaram do ve\u00edculo Saveiro. <\/p>\n\n\n\n<p>Todos foram abordados pela Pol\u00edcia Civil, no exato momento em que a mulher sa\u00eda do veiculo Siena. Questionados sobre os ve\u00edculos, o indiv\u00edduo de camiseta azul e cal\u00e7a escura se antecipou aos demais, e se esfor\u00e7ou para confundir a equipe policial ao dizer que outro indiv\u00edduo, de bermuda e chinelos, havia acabado de deixar o ve\u00edculo Siena ali e abandonado o local correndo, contudo, ao saber que era observado anteriormente pela Pol\u00edcia Civil, acabou por admitir que ambos os ve\u00edculos estavam sob sua posse, e pertenceriam a um amigo dele, da cidade de Andradina\/SP. <\/p>\n\n\n\n<p>Constatou-se que o ve\u00edculo da marca Fiat, modelo Siena, de cor branca, placas RDI-5C71, e o ve\u00edculo VW Saveiro, de cor branca, placas RPD-8D08, estavam relacionados como produto de furto na ocorr\u00eancia registrada pela Pol\u00edcia Civil do Estado da Bahia. Ap\u00f3s a tomada de depoimento das partes, o indiv\u00edduo foi autuado, em flagrante delito, pela pr\u00e1tica do crime de recepta\u00e7\u00e3o, e ambos os ve\u00edculos foram apreendidos.<\/p>\n\n\n\n<p><strong><em><strong><em><strong>Participe da comunidade do Canal Roni Paparazzi no Whatsapp e receba as principais not\u00edcias do dia direto no seu celular.<\/strong>\u00a0<a href=\"https:\/\/chat.whatsapp.com\/GsG1XKo0jPOEfjzudWQcml\" target=\"_blank\" rel=\"noreferrer noopener\">\u00a0Clique aqui e se inscreva.<\/a><\/em><\/strong><\/em><\/strong><\/p>\n","protected":false},"excerpt":{"rendered":"<p>A\u00e7\u00e3o conjunta entre a 2\u00aa Delegacia de Pol\u00edcia Civil de Tr\u00eas Lagoas e o Setor de Investiga\u00e7\u00f5es Gerais culmina na localiza\u00e7\u00e3o e recupera\u00e7\u00e3o de dois ve\u00edculos furtados no Estado da Bahia, e na pris\u00e3o de um indiv\u00edduo, pelo crime de recepta\u00e7\u00e3o. Em 21\/11\/2023, por volta das 09h00min, a 2\u00aa Delegacia de Pol\u00edcia Civil de Tr\u00eas &hellip;<\/p>\n","protected":false},"author":1,"featured_media":7145,"comment_status":"open","ping_status":"open","sticky":false,"template":"","format":"standard","meta":{"_jetpack_memberships_contains_paid_content":false,"footnotes":"","jetpack_publicize_message":"","jetpack_publicize_feature_enabled":true,"jetpack_social_post_already_shared":false,"jetpack_social_options":{"image_generator_settings":{"template":"highway","default_image_id":0,"enabled":false},"version":2}},"categories":[3],"tags":[],"class_list":["post-7144","post","type-post","status-publish","format-standard","has-post-thumbnail","hentry","category-policial"],"jetpack_publicize_connections":[],"jetpack_featured_media_url":"https:\/\/i0.wp.com\/www.paparazzinews.com.br\/wp-content\/uploads\/2023\/11\/f1905c68-c656-4649-adfb-711c3232a34a-e1700675344986.jpg?fit=1000%2C750&ssl=1","views":"6163","jetpack_likes_enabled":true,"jetpack_sharing_enabled":true,"_links":{"self":[{"href":"https:\/\/www.paparazzinews.com.br\/index.php?rest_route=\/wp\/v2\/posts\/7144","targetHints":{"allow":["GET"]}}],"collection":[{"href":"https:\/\/www.paparazzinews.com.br\/index.php?rest_route=\/wp\/v2\/posts"}],"about":[{"href":"https:\/\/www.paparazzinews.com.br\/index.php?rest_route=\/wp\/v2\/types\/post"}],"author":[{"embeddable":true,"href":"https:\/\/www.paparazzinews.com.br\/index.php?rest_route=\/wp\/v2\/users\/1"}],"replies":[{"embeddable":true,"href":"https:\/\/www.paparazzinews.com.br\/index.php?rest_route=%2Fwp%2Fv2%2Fcomments&post=7144"}],"version-history":[{"count":1,"href":"https:\/\/www.paparazzinews.com.br\/index.php?rest_route=\/wp\/v2\/posts\/7144\/revisions"}],"predecessor-version":[{"id":7146,"href":"https:\/\/www.paparazzinews.com.br\/index.php?rest_route=\/wp\/v2\/posts\/7144\/revisions\/7146"}],"wp:featuredmedia":[{"embeddable":true,"href":"https:\/\/www.paparazzinews.com.br\/index.php?rest_route=\/wp\/v2\/media\/7145"}],"wp:attachment":[{"href":"https:\/\/www.paparazzinews.com.br\/index.php?rest_route=%2Fwp%2Fv2%2Fmedia&parent=7144"}],"wp:term":[{"taxonomy":"category","embeddable":true,"href":"https:\/\/www.paparazzinews.com.br\/index.php?rest_route=%2Fwp%2Fv2%2Fcategories&post=7144"},{"taxonomy":"post_tag","embeddable":true,"href":"https:\/\/www.paparazzinews.com.br\/index.php?rest_route=%2Fwp%2Fv2%2Ftags&post=7144"}],"curies":[{"name":"wp","href":"https:\/\/api.w.org\/{rel}","templated":true}]}}