{"id":7141,"date":"2023-11-22T14:41:38","date_gmt":"2023-11-22T17:41:38","guid":{"rendered":"https:\/\/www.paparazzinews.com.br\/?p=7141"},"modified":"2023-11-22T14:41:39","modified_gmt":"2023-11-22T17:41:39","slug":"policia-prende-homem-que-pegou-carro-furtado-de-empresa","status":"publish","type":"post","link":"https:\/\/www.paparazzinews.com.br\/?p=7141","title":{"rendered":"Pol\u00edcia prende homem que pegou carro furtado de empresa"},"content":{"rendered":"\n<p>Brasil\u00e2ndia\/MS, no dia 21 de novembro os policiais militares 1\u00ba Pelot\u00e3o da 2\u00aa Cia do 2\u00ba Batalh\u00e3o de Pol\u00edcia Militar recuperaram um ve\u00edculo furtado e realizaram a pris\u00e3o de um indiv\u00edduo de 30 anos por recepta\u00e7\u00e3o.<\/p>\n\n\n\n<p>Nesta ter\u00e7a-feira, por volta das 9h50, uma guarni\u00e7\u00e3o do 1\u00ba Pelot\u00e3o (Brasil\u00e2ndia) do 2\u00ba BPM recebeu informa\u00e7\u00f5es proveniente de den\u00fancias ao 190 relatando que o condutor de um ve\u00edculo Toyota Etios, de cor cinza, que estaria praticando manobra perigosa em via p\u00fablica nos bairros Jos\u00e9 In\u00e1cio, Jo\u00e3o Paulo e regi\u00e3o central da cidade, instante em que iniciaram dilig\u00eancias vindo a lograr \u00eaxito em sua localiza\u00e7\u00e3o na rua Arlindo Ornelas quando o condutor exibia manobras de frenagens, momento em que foi abordado pelos militares.<\/p>\n\n\n\n<p>Durante abordagem foi realizado a verifica\u00e7\u00e3o do ve\u00edculo onde constataram que o mesmo havia sido furtado ap\u00f3s ter sido arrombado o port\u00e3o de uma empresa em Tr\u00eas Lagoas, na madrugada do dia 21 de novembro. Em entrevista o condutor declarou aos policiais que h\u00e1 dois dias teria retirado o ve\u00edculo do interior de uma empresa localizada pela cidade de Tr\u00eas Lagoas MS, por\u00e9m n\u00e3o soube informar o nome ou endere\u00e7o da tal empresa alegando ainda ser funcion\u00e1rio, por\u00e9m n\u00e3o sabia o nome do propriet\u00e1rio ou a fun\u00e7\u00e3o supostamente exercida.<\/p>\n\n\n\n<p>Diante dos fatos e o abordado recebeu voz de pris\u00e3o e foi encaminhado at\u00e9 Delegacia de Pol\u00edcia onde foi apresentado juntamente com o ve\u00edculo recuperado.<\/p>\n\n\n\n<p><strong><em><strong><em><strong>Participe da comunidade do Canal Roni Paparazzi no Whatsapp e receba as principais not\u00edcias do dia direto no seu celular.<\/strong>\u00a0<a href=\"https:\/\/chat.whatsapp.com\/GsG1XKo0jPOEfjzudWQcml\" target=\"_blank\" rel=\"noreferrer noopener\">\u00a0Clique aqui e se inscreva.<\/a><\/em><\/strong><\/em><\/strong><\/p>\n","protected":false},"excerpt":{"rendered":"<p>Brasil\u00e2ndia\/MS, no dia 21 de novembro os policiais militares 1\u00ba Pelot\u00e3o da 2\u00aa Cia do 2\u00ba Batalh\u00e3o de Pol\u00edcia Militar recuperaram um ve\u00edculo furtado e realizaram a pris\u00e3o de um indiv\u00edduo de 30 anos por recepta\u00e7\u00e3o. Nesta ter\u00e7a-feira, por volta das 9h50, uma guarni\u00e7\u00e3o do 1\u00ba Pelot\u00e3o (Brasil\u00e2ndia) do 2\u00ba BPM recebeu informa\u00e7\u00f5es proveniente de &hellip;<\/p>\n","protected":false},"author":1,"featured_media":7142,"comment_status":"open","ping_status":"open","sticky":false,"template":"","format":"standard","meta":{"_jetpack_memberships_contains_paid_content":false,"footnotes":"","jetpack_publicize_message":"","jetpack_publicize_feature_enabled":true,"jetpack_social_post_already_shared":false,"jetpack_social_options":{"image_generator_settings":{"template":"highway","default_image_id":0,"enabled":false},"version":2}},"categories":[3],"tags":[],"class_list":["post-7141","post","type-post","status-publish","format-standard","has-post-thumbnail","hentry","category-policial"],"jetpack_publicize_connections":[],"jetpack_featured_media_url":"https:\/\/i0.wp.com\/www.paparazzinews.com.br\/wp-content\/uploads\/2023\/11\/Snapinsta.app_404048643_642909091255257_9015943796187400536_n_1080.jpg?fit=1080%2C1080&ssl=1","views":"4998","jetpack_likes_enabled":true,"jetpack_sharing_enabled":true,"_links":{"self":[{"href":"https:\/\/www.paparazzinews.com.br\/index.php?rest_route=\/wp\/v2\/posts\/7141","targetHints":{"allow":["GET"]}}],"collection":[{"href":"https:\/\/www.paparazzinews.com.br\/index.php?rest_route=\/wp\/v2\/posts"}],"about":[{"href":"https:\/\/www.paparazzinews.com.br\/index.php?rest_route=\/wp\/v2\/types\/post"}],"author":[{"embeddable":true,"href":"https:\/\/www.paparazzinews.com.br\/index.php?rest_route=\/wp\/v2\/users\/1"}],"replies":[{"embeddable":true,"href":"https:\/\/www.paparazzinews.com.br\/index.php?rest_route=%2Fwp%2Fv2%2Fcomments&post=7141"}],"version-history":[{"count":1,"href":"https:\/\/www.paparazzinews.com.br\/index.php?rest_route=\/wp\/v2\/posts\/7141\/revisions"}],"predecessor-version":[{"id":7143,"href":"https:\/\/www.paparazzinews.com.br\/index.php?rest_route=\/wp\/v2\/posts\/7141\/revisions\/7143"}],"wp:featuredmedia":[{"embeddable":true,"href":"https:\/\/www.paparazzinews.com.br\/index.php?rest_route=\/wp\/v2\/media\/7142"}],"wp:attachment":[{"href":"https:\/\/www.paparazzinews.com.br\/index.php?rest_route=%2Fwp%2Fv2%2Fmedia&parent=7141"}],"wp:term":[{"taxonomy":"category","embeddable":true,"href":"https:\/\/www.paparazzinews.com.br\/index.php?rest_route=%2Fwp%2Fv2%2Fcategories&post=7141"},{"taxonomy":"post_tag","embeddable":true,"href":"https:\/\/www.paparazzinews.com.br\/index.php?rest_route=%2Fwp%2Fv2%2Ftags&post=7141"}],"curies":[{"name":"wp","href":"https:\/\/api.w.org\/{rel}","templated":true}]}}