{"id":701,"date":"2022-09-14T18:35:26","date_gmt":"2022-09-14T21:35:26","guid":{"rendered":"https:\/\/www.paparazzinews.com.br\/?p=701"},"modified":"2022-09-14T18:35:28","modified_gmt":"2022-09-14T21:35:28","slug":"educacao-municipal-agora-conta-com-caderneta-digital","status":"publish","type":"post","link":"https:\/\/www.paparazzinews.com.br\/?p=701","title":{"rendered":"Educa\u00e7\u00e3o Municipal agora conta com Caderneta Digital"},"content":{"rendered":"\n<p>A Secret\u00e1ria de Educa\u00e7\u00e3o do Governo de Andradina agora conta com o sistema de caderneta digital para Rede Municipal de Ensino. A implanta\u00e7\u00e3o da caderneta escolar on-line, uma ferramenta que permite ao professor fazer os registros por meio de computadores, notebooks, tablets ou smartphones.<\/p>\n\n\n\n<p><br>A inova\u00e7\u00e3o foi anunciada ao prefeito de Andradina, M\u00e1rio Celso Lopes em seu gabinete, pela Secretaria de educa\u00e7\u00e3o Estela Goda, o subsecret\u00e1rio Kleberson Santos e a coordenadora Laura Ribeiro. O diferencial andradinense \u00e9 que toda a tecnologia foi desenvolvida \u201cdentro de casa\u201d, pelo ex-diretor digital, Marcelo Moreira de Almeida, que doou sua pesquisa para a Rede Municipal de Ensino de Andradina. Para se ter acesso a uma tecnologia similar o munic\u00edpio teria que investir cerca de R$ 600 mil.<\/p>\n\n\n\n<p>\u201c\u00c9 um sistema que eleva a Educa\u00e7\u00e3o de Andradina em mat\u00e9ria de tecnologia. A educa\u00e7\u00e3o sempre foi a prioridade 1 de nossa gest\u00e3o e est\u00e1 melhor a cada dia\u201d, disse M\u00e1rio Celso. Segundo Estela Goda, o objetivo da Caderneta Digital \u00e9 simplificar o lan\u00e7amento de informa\u00e7\u00f5es sobre os discentes, turmas e atividades. \u201cNele os professores podem registrar as notas e a frequ\u00eancia, al\u00e9m dos conte\u00fados trabalhados em sala de aula\u201d, disse.<\/p>\n\n\n\n<p>A caderneta tamb\u00e9m auxilia na rela\u00e7\u00e3o ao planejamento j\u00e1 que ela mostra a trajet\u00f3ria de atividades efetuadas pelos professores e serve para prestar contas sobre o que ocorreu em sala de aula.<br>O sistema ser\u00e1 instalado nas sete Escolas Municipais de Ensino Fundamental (EMEF) e as doze Escolas Municipais de Ensino Infantil (EMEI).<\/p>\n\n\n\n<p>Segundo a Coordenadora Laura Ribeiro a implanta\u00e7\u00e3o do sistema vai diminuir o tempo de execu\u00e7\u00e3o do trabalho do professor em preencher manualmente as notas, faltas e trabalhos de mais de 5 mil alunos da rede municipal.<br>O programa executa as a\u00e7\u00f5es de maneira semelhante \u00e0 caderneta de papel recebida pelos docentes no in\u00edcio do ano letivo, mas facilita o trabalho dos professores, j\u00e1 que o programa re\u00fane automaticamente todos os dados inseridos.<\/p>\n\n\n\n<p>&#8220;O professor tinha que dedicar muito tempo no processo manual o que criou a necessidade de agilizar esse processo e o resultado \u00e9 mais tempo para os alunos\u201d, explicou Estela Goda.<\/p>\n\n\n\n<p><strong>Com o novo sistema online tamb\u00e9m ser\u00e1 poss\u00edvel:<\/strong><br>O acompanhamento on-line por qualquer membro do corpo gestor; desburocratizar o processo de registros e arquivos de relev\u00e2ncia legal; facilitar todo aspecto documental para os docentes e coordena\u00e7\u00e3o pedag\u00f3gica.<\/p>\n","protected":false},"excerpt":{"rendered":"<p>A Secret\u00e1ria de Educa\u00e7\u00e3o do Governo de Andradina agora conta com o sistema de caderneta digital para Rede Municipal de Ensino. A implanta\u00e7\u00e3o da caderneta escolar on-line, uma ferramenta que permite ao professor fazer os registros por meio de computadores, notebooks, tablets ou smartphones. A inova\u00e7\u00e3o foi anunciada ao prefeito de Andradina, M\u00e1rio Celso Lopes &hellip;<\/p>\n","protected":false},"author":1,"featured_media":703,"comment_status":"open","ping_status":"open","sticky":false,"template":"","format":"standard","meta":{"_jetpack_memberships_contains_paid_content":false,"footnotes":"","jetpack_publicize_message":"","jetpack_publicize_feature_enabled":true,"jetpack_social_post_already_shared":false,"jetpack_social_options":{"image_generator_settings":{"template":"highway","default_image_id":0,"enabled":false},"version":2}},"categories":[4],"tags":[],"class_list":["post-701","post","type-post","status-publish","format-standard","has-post-thumbnail","hentry","category-regiao"],"jetpack_publicize_connections":[],"jetpack_featured_media_url":"https:\/\/i0.wp.com\/www.paparazzinews.com.br\/wp-content\/uploads\/2022\/09\/c081ad19-42f5-42c2-91b2-1dea95228756-e1663191310839.jpg?fit=1000%2C666&ssl=1","views":"3380","jetpack_likes_enabled":true,"jetpack_sharing_enabled":true,"_links":{"self":[{"href":"https:\/\/www.paparazzinews.com.br\/index.php?rest_route=\/wp\/v2\/posts\/701","targetHints":{"allow":["GET"]}}],"collection":[{"href":"https:\/\/www.paparazzinews.com.br\/index.php?rest_route=\/wp\/v2\/posts"}],"about":[{"href":"https:\/\/www.paparazzinews.com.br\/index.php?rest_route=\/wp\/v2\/types\/post"}],"author":[{"embeddable":true,"href":"https:\/\/www.paparazzinews.com.br\/index.php?rest_route=\/wp\/v2\/users\/1"}],"replies":[{"embeddable":true,"href":"https:\/\/www.paparazzinews.com.br\/index.php?rest_route=%2Fwp%2Fv2%2Fcomments&post=701"}],"version-history":[{"count":1,"href":"https:\/\/www.paparazzinews.com.br\/index.php?rest_route=\/wp\/v2\/posts\/701\/revisions"}],"predecessor-version":[{"id":702,"href":"https:\/\/www.paparazzinews.com.br\/index.php?rest_route=\/wp\/v2\/posts\/701\/revisions\/702"}],"wp:featuredmedia":[{"embeddable":true,"href":"https:\/\/www.paparazzinews.com.br\/index.php?rest_route=\/wp\/v2\/media\/703"}],"wp:attachment":[{"href":"https:\/\/www.paparazzinews.com.br\/index.php?rest_route=%2Fwp%2Fv2%2Fmedia&parent=701"}],"wp:term":[{"taxonomy":"category","embeddable":true,"href":"https:\/\/www.paparazzinews.com.br\/index.php?rest_route=%2Fwp%2Fv2%2Fcategories&post=701"},{"taxonomy":"post_tag","embeddable":true,"href":"https:\/\/www.paparazzinews.com.br\/index.php?rest_route=%2Fwp%2Fv2%2Ftags&post=701"}],"curies":[{"name":"wp","href":"https:\/\/api.w.org\/{rel}","templated":true}]}}