{"id":6990,"date":"2023-11-10T15:27:22","date_gmt":"2023-11-10T18:27:22","guid":{"rendered":"https:\/\/www.paparazzinews.com.br\/?p=6990"},"modified":"2023-11-10T15:27:23","modified_gmt":"2023-11-10T18:27:23","slug":"batalhao-conquista-premiacao-por-atividades-operacionais-com-bons-resultados","status":"publish","type":"post","link":"https:\/\/www.paparazzinews.com.br\/?p=6990","title":{"rendered":"Batalh\u00e3o conquista premia\u00e7\u00e3o por atividades operacionais com bons resultados"},"content":{"rendered":"\n<p>O 28\u00ba BPM\/I, sediado em Andradina, foi premiado no \u201c19\u00ba PR\u00caMIO POL\u00cdCIA MILITAR DA QUALIDADE (PPMQ)\u201d. Criado em 2001, juntamente com o Pr\u00eamio Paulista de Qualidade da Gest\u00e3o (PPQG), o PPMQ, primeiro pr\u00eamio setorial de gest\u00e3o voltado para a \u00e1rea de seguran\u00e7a p\u00fablica do pa\u00eds, ambos alinhados ao Modelo de Excel\u00eancia em Gest\u00e3o (MEG), da Funda\u00e7\u00e3o Nacional da Qualidade (FNQ).<\/p>\n\n\n\n<p>A PMESP adotou a\u00e7\u00f5es para avaliar o grau de maturidade de gest\u00e3o organizacional das OPM participantes com base nos fundamentos do MEG e da FNQ, reconhecendo e disseminando em \u00e2mbito institucional as melhores pr\u00e1ticas de gest\u00e3o e inova\u00e7\u00f5es, com par\u00e2metros de controle de desempenho e de resultados para alcance de objetivos estrat\u00e9gicos.<\/p>\n\n\n\n<p>No ano de 2023, de forma in\u00e9dita, todos os Batalh\u00f5es da Corpora\u00e7\u00e3o participaram, e os que conseguiram atingir os melhores \u00edndices e patamares, foram premiados. A Placa de reconhecimento n\u00edvel 1, \u00e9 da Unidade e representa o \u00eaxito nos processos, que envolveram as atividades operacionais em todas as suas modalidades, e as administrativas, em todas as suas se\u00e7\u00f5es, seguindo crit\u00e9rios nacionais e internacionais de qualidade, resultado da dedica\u00e7\u00e3o alinhamento e profissionalismo de todos os policiais da Unidade.<\/p>\n\n\n\n<p>A premia\u00e7\u00e3o ocorreu na tarde desta quinta-feira, dia 09, no Memorial da Am\u00e9rica Latina, na capital paulista, e contou com a presen\u00e7a de diversas autoridades da PMESP, entre elas o Comandante Geral, Coronel PM C\u00e1ssio Ara\u00fajo de Freitas e de policiais militares do 28\u00ba BPM\/I.<\/p>\n\n\n\n<p>O comandante, Tenente Coronel Akira, agradece \u00e0 TODOS os Policiais Militares pelo empenho e dedica\u00e7\u00e3o, que propiciaram o presente reconhecimento, declarando ainda que, no ano de 2024, o Batalh\u00e3o seguir\u00e1 firme, no mesmo prop\u00f3sito, em busca do n\u00edvel 2, nos graus bronze, prata e ouro.<\/p>\n\n\n\n<p><strong><em><strong><em><strong>Participe da comunidade do Canal Roni Paparazzi no Whatsapp e receba as principais not\u00edcias do dia direto no seu celular.<\/strong>\u00a0<a href=\"https:\/\/chat.whatsapp.com\/GsG1XKo0jPOEfjzudWQcml\" target=\"_blank\" rel=\"noreferrer noopener\">\u00a0Clique aqui e se inscreva.<\/a><\/em><\/strong><\/em><\/strong><\/p>\n\n\n\n<p><a href=\"https:\/\/www.paparazzinews.com.br\/wp-admin\/post.php?post=6984&amp;action=edit\"><\/a><\/p>\n","protected":false},"excerpt":{"rendered":"<p>O 28\u00ba BPM\/I, sediado em Andradina, foi premiado no \u201c19\u00ba PR\u00caMIO POL\u00cdCIA MILITAR DA QUALIDADE (PPMQ)\u201d. Criado em 2001, juntamente com o Pr\u00eamio Paulista de Qualidade da Gest\u00e3o (PPQG), o PPMQ, primeiro pr\u00eamio setorial de gest\u00e3o voltado para a \u00e1rea de seguran\u00e7a p\u00fablica do pa\u00eds, ambos alinhados ao Modelo de Excel\u00eancia em Gest\u00e3o (MEG), da &hellip;<\/p>\n","protected":false},"author":1,"featured_media":6991,"comment_status":"open","ping_status":"open","sticky":false,"template":"","format":"standard","meta":{"_jetpack_memberships_contains_paid_content":false,"footnotes":"","jetpack_publicize_message":"","jetpack_publicize_feature_enabled":true,"jetpack_social_post_already_shared":false,"jetpack_social_options":{"image_generator_settings":{"template":"highway","default_image_id":0,"enabled":false},"version":2}},"categories":[3],"tags":[],"class_list":["post-6990","post","type-post","status-publish","format-standard","has-post-thumbnail","hentry","category-policial"],"jetpack_publicize_connections":[],"jetpack_featured_media_url":"https:\/\/i0.wp.com\/www.paparazzinews.com.br\/wp-content\/uploads\/2023\/11\/468400d7-4f3c-4635-8d16-e0d4c1e07be3.jpg?fit=708%2C640&ssl=1","views":"3705","jetpack_likes_enabled":true,"jetpack_sharing_enabled":true,"_links":{"self":[{"href":"https:\/\/www.paparazzinews.com.br\/index.php?rest_route=\/wp\/v2\/posts\/6990","targetHints":{"allow":["GET"]}}],"collection":[{"href":"https:\/\/www.paparazzinews.com.br\/index.php?rest_route=\/wp\/v2\/posts"}],"about":[{"href":"https:\/\/www.paparazzinews.com.br\/index.php?rest_route=\/wp\/v2\/types\/post"}],"author":[{"embeddable":true,"href":"https:\/\/www.paparazzinews.com.br\/index.php?rest_route=\/wp\/v2\/users\/1"}],"replies":[{"embeddable":true,"href":"https:\/\/www.paparazzinews.com.br\/index.php?rest_route=%2Fwp%2Fv2%2Fcomments&post=6990"}],"version-history":[{"count":1,"href":"https:\/\/www.paparazzinews.com.br\/index.php?rest_route=\/wp\/v2\/posts\/6990\/revisions"}],"predecessor-version":[{"id":6992,"href":"https:\/\/www.paparazzinews.com.br\/index.php?rest_route=\/wp\/v2\/posts\/6990\/revisions\/6992"}],"wp:featuredmedia":[{"embeddable":true,"href":"https:\/\/www.paparazzinews.com.br\/index.php?rest_route=\/wp\/v2\/media\/6991"}],"wp:attachment":[{"href":"https:\/\/www.paparazzinews.com.br\/index.php?rest_route=%2Fwp%2Fv2%2Fmedia&parent=6990"}],"wp:term":[{"taxonomy":"category","embeddable":true,"href":"https:\/\/www.paparazzinews.com.br\/index.php?rest_route=%2Fwp%2Fv2%2Fcategories&post=6990"},{"taxonomy":"post_tag","embeddable":true,"href":"https:\/\/www.paparazzinews.com.br\/index.php?rest_route=%2Fwp%2Fv2%2Ftags&post=6990"}],"curies":[{"name":"wp","href":"https:\/\/api.w.org\/{rel}","templated":true}]}}