{"id":6951,"date":"2023-11-08T16:18:35","date_gmt":"2023-11-08T19:18:35","guid":{"rendered":"https:\/\/www.paparazzinews.com.br\/?p=6951"},"modified":"2023-11-08T16:18:36","modified_gmt":"2023-11-08T19:18:36","slug":"6-presos-matam-em-penitenciaria-colega-de-cela-que-afirmava-ser-o-diabo","status":"publish","type":"post","link":"https:\/\/www.paparazzinews.com.br\/?p=6951","title":{"rendered":"6 presos matam em penitenci\u00e1ria colega de cela que afirmava ser o &#8220;Diabo&#8221;"},"content":{"rendered":"\n<p>Um detento de 45 anos foi assassinado por outros presos na noite desta ter\u00e7a-feira (7), no distrito de Montalv\u00e3o, em\u00a0Presidente Prudente (SP). O crime aconteceu na penitenci\u00e1ria Wellington Rodrigo Segura, por volta de 22h30. A v\u00edtima foi enforcada com um len\u00e7ol. A informa\u00e7\u00e3o \u00e9 do Sbtinterior.<\/p>\n\n\n\n<p>De acordo com informa\u00e7\u00f5es do boletim de ocorr\u00eancia, o crime teria sido cometido por dois homens depois de um desentendimento entre eles.<\/p>\n\n\n\n<p>Os suspeitos foram isolados ap\u00f3s o crime, por\u00e9m, agentes ouviram outros detentos conversando entre si e relatando que o crime, na verdade, teria sido cometido por mais presos.<\/p>\n\n\n\n<p>O motivo do crime seria porque a v\u00edtima dizia, na pris\u00e3o, que era o Diabo. Isso acabou irritando diversos presos, que decidiram mat\u00e1-lo.<\/p>\n\n\n\n<p>O corpo do homem&nbsp;foi encontrado em uma cela da unidade e o local foi periciado. Ap\u00f3s ouvir as diversas vers\u00f5es dos detentos, o delegado respons\u00e1vel pelo caso decidiu indiciar seis presos em flagrante por homic\u00eddio.<\/p>\n\n\n\n<p>A reportagem do&nbsp;<strong>sbtinterior.com<\/strong>&nbsp;entrou em contato com a SAP (Secretaria de Administra\u00e7\u00e3o Penitenci\u00e1ria) e a pasta disse que abriu apura\u00e7\u00e3o preliminar para averiguar a morte. Leia a nota na \u00edntegra:<\/p>\n\n\n\n<p><em>&#8220;A Secretaria da Administra\u00e7\u00e3o Penitenci\u00e1ria informa que a dire\u00e7\u00e3o da Penitenci\u00e1ria de Presidente Prudente abriu Apura\u00e7\u00e3o Preliminar para averiguar a morte de um preso registrada na noite desta ter\u00e7a-feira (7), na cela de inclus\u00e3o. Dois detentos confessaram o crime. Outros quatro presos tamb\u00e9m foram levados ao Distrito Policial como suspeitos. Foi realizada per\u00edcia no local e os familiares do falecido foram comunicados, recebendo o apoio necess\u00e1rio. A unidade est\u00e1 solicitando ao ju\u00edzo a inclus\u00e3o dos infratores no regime disciplinar diferenciado&#8221;.<\/em><\/p>\n\n\n\n<p><strong><em><strong><em><strong>Participe da comunidade do Canal Roni Paparazzi no Whatsapp e receba as principais not\u00edcias do dia direto no seu celular.<\/strong>\u00a0<a href=\"https:\/\/chat.whatsapp.com\/GsG1XKo0jPOEfjzudWQcml\" target=\"_blank\" rel=\"noreferrer noopener\">\u00a0Clique aqui e se inscreva.<\/a><\/em><\/strong><\/em><\/strong><\/p>\n\n\n\n<p><a href=\"https:\/\/www.paparazzinews.com.br\/wp-admin\/post.php?post=6947&amp;action=edit\"><\/a><\/p>\n","protected":false},"excerpt":{"rendered":"<p>Um detento de 45 anos foi assassinado por outros presos na noite desta ter\u00e7a-feira (7), no distrito de Montalv\u00e3o, em\u00a0Presidente Prudente (SP). O crime aconteceu na penitenci\u00e1ria Wellington Rodrigo Segura, por volta de 22h30. A v\u00edtima foi enforcada com um len\u00e7ol. A informa\u00e7\u00e3o \u00e9 do Sbtinterior. De acordo com informa\u00e7\u00f5es do boletim de ocorr\u00eancia, o &hellip;<\/p>\n","protected":false},"author":1,"featured_media":6952,"comment_status":"open","ping_status":"open","sticky":false,"template":"","format":"standard","meta":{"_jetpack_memberships_contains_paid_content":false,"footnotes":"","jetpack_publicize_message":"","jetpack_publicize_feature_enabled":true,"jetpack_social_post_already_shared":false,"jetpack_social_options":{"image_generator_settings":{"template":"highway","default_image_id":0,"enabled":false},"version":2}},"categories":[3],"tags":[],"class_list":["post-6951","post","type-post","status-publish","format-standard","has-post-thumbnail","hentry","category-policial"],"jetpack_publicize_connections":[],"jetpack_featured_media_url":"https:\/\/i0.wp.com\/www.paparazzinews.com.br\/wp-content\/uploads\/2023\/11\/detento-e-assassinado-por-outros-presos-em-penitenciaria-da-regiao-081123_102735-e1699471103388.jpg?fit=1000%2C604&ssl=1","views":"7228","jetpack_likes_enabled":true,"jetpack_sharing_enabled":true,"_links":{"self":[{"href":"https:\/\/www.paparazzinews.com.br\/index.php?rest_route=\/wp\/v2\/posts\/6951","targetHints":{"allow":["GET"]}}],"collection":[{"href":"https:\/\/www.paparazzinews.com.br\/index.php?rest_route=\/wp\/v2\/posts"}],"about":[{"href":"https:\/\/www.paparazzinews.com.br\/index.php?rest_route=\/wp\/v2\/types\/post"}],"author":[{"embeddable":true,"href":"https:\/\/www.paparazzinews.com.br\/index.php?rest_route=\/wp\/v2\/users\/1"}],"replies":[{"embeddable":true,"href":"https:\/\/www.paparazzinews.com.br\/index.php?rest_route=%2Fwp%2Fv2%2Fcomments&post=6951"}],"version-history":[{"count":1,"href":"https:\/\/www.paparazzinews.com.br\/index.php?rest_route=\/wp\/v2\/posts\/6951\/revisions"}],"predecessor-version":[{"id":6953,"href":"https:\/\/www.paparazzinews.com.br\/index.php?rest_route=\/wp\/v2\/posts\/6951\/revisions\/6953"}],"wp:featuredmedia":[{"embeddable":true,"href":"https:\/\/www.paparazzinews.com.br\/index.php?rest_route=\/wp\/v2\/media\/6952"}],"wp:attachment":[{"href":"https:\/\/www.paparazzinews.com.br\/index.php?rest_route=%2Fwp%2Fv2%2Fmedia&parent=6951"}],"wp:term":[{"taxonomy":"category","embeddable":true,"href":"https:\/\/www.paparazzinews.com.br\/index.php?rest_route=%2Fwp%2Fv2%2Fcategories&post=6951"},{"taxonomy":"post_tag","embeddable":true,"href":"https:\/\/www.paparazzinews.com.br\/index.php?rest_route=%2Fwp%2Fv2%2Ftags&post=6951"}],"curies":[{"name":"wp","href":"https:\/\/api.w.org\/{rel}","templated":true}]}}