{"id":689,"date":"2022-09-13T14:58:58","date_gmt":"2022-09-13T17:58:58","guid":{"rendered":"https:\/\/www.paparazzinews.com.br\/?p=689"},"modified":"2022-09-13T14:58:59","modified_gmt":"2022-09-13T17:58:59","slug":"fea-de-andradina-abre-semana-academica-de-veterinaria","status":"publish","type":"post","link":"https:\/\/www.paparazzinews.com.br\/?p=689","title":{"rendered":"FEA de Andradina abre semana Acad\u00eamica de Veterin\u00e1ria"},"content":{"rendered":"\n<p>A Nova Funda\u00e7\u00e3o Educacional de Andradina iniciou a 21\u00ba Semana Acad\u00eamica da Faculdade de Medicina Veterin\u00e1ria de Andradina. A semana agrega uma s\u00e9rie ininterrupta de reuni\u00f5es consecutivas tratando de temas relacionados a Medicina Veterin\u00e1ria.<\/p>\n\n\n\n<p>Em 21 anos o curso j\u00e1 formou mais de 850 m\u00e9dicos veterin\u00e1rios, sendo um dos mais tradicionais na regi\u00e3o e recebe alunos de v\u00e1rias cidades da regi\u00e3o e outros estados.<\/p>\n\n\n\n<p>Segundo o professor F\u00e1bio Nogueira o evento a cada ano aumenta de tamanho, qualidade e import\u00e2ncia. \u201cTeremos ao longo dessa semana palestras envolvendo v\u00e1rias \u00e1reas da Medicina Veterin\u00e1ria. Nossa faculdade, al\u00e9m do compromisso com a qualidade e efici\u00eancia nos processos de ensino\/aprendizagem, temos a preocupa\u00e7\u00e3o de mostrar para os nossos alunos os diversos campos de atua\u00e7\u00e3o.<br>\u201d, disse.<\/p>\n\n\n\n<p>Entre os temas est\u00e3o a atua\u00e7\u00e3o do M\u00e9dico Veterin\u00e1rio na Cavalaria de Guardas Drag\u00f5es da Independ\u00eancia de Bras\u00edlia, palestras de Reprodu\u00e7\u00e3o Animal, atendimento de Animais Silvestres e ex\u00f3ticos, endoscopia digestiva, Medicina Integrativa \u2013 ozonioterapia \/ curso pr\u00e1tico de quiropraxia; anestesia, na \u00e1rea de Oncologia a utiliza\u00e7\u00e3o da eletroquimioterapia no tratamento das neoplasias; e palestras de doen\u00e7as infecciosas.<\/p>\n\n\n\n<p>A palestra de abertura foi do M\u00e9dico Veterin\u00e1rio Dr Tagor Eduardo Andreolla Dorneles que \u00e9 respons\u00e1vel pelo atendimento dos animais do primeiro regimento da cavalaria de guardas Drag\u00f5es da Independ\u00eancia do presidente da rep\u00fablica que veio de Bras\u00edlia especialmente para abrilhantar o nosso evento.<\/p>\n\n\n\n<p>Compartilhar experi\u00eancias e conhecimento \u00e9 um dever moral de todos os que aqui trabalham. Assim como em diversas ocasi\u00f5es tamb\u00e9m levamos conhecimento e o nome da nossa institui\u00e7\u00e3o. Tive a oportunidade de neste ano, representar a Faculdade de Medicina Veterin\u00e1ria de Andradina no maior evento do Mundo de Leishmaniose, na Col\u00f4mbia onde estavam presentes pesquisadores do Mundo todo de diversas \u00e1reas. Foi a \u00fanica faculdade do Estado de S\u00e3o Paulo a palestrar.<\/p>\n\n\n\n<p><strong>Est\u00edmular a pesquisa<\/strong><\/p>\n\n\n\n<p>F\u00e1bio Nogueira classifica a pesquisa como sendo a pr\u00e1tica da curiosidade, que vale a pena ser repetida com uma dose de rotina e obstina\u00e7\u00e3o. \u201cSer capaz de se permitir pensar diferentemente do que se pensa, de perceber diferentemente do que se sente e se v\u00ea, de continuar a olhar ou a refletir. \u00c9 explorar o que pode ser mudado, no seu pr\u00f3prio pensamento, atrav\u00e9s do exerc\u00edcio desta curiosidade\u201d, explicou.<\/p>\n\n\n\n<p>A Funda\u00e7\u00e3o agradece as empresas parceiras (MSD, Zoetis, Alere, Vetoquinol, Mundo Animal, Alivira, Bothufarma, Vetnil, America.net, Cacha\u00e7aria Andradina, Cupim e Cia e Autoposto Viajantes) pelo aux\u00edlio financeiro para a realiza\u00e7\u00e3o deste evento. Agradecimentos tamb\u00e9m ao Diret\u00f3rio Acad\u00eamico Rei do Gado que caminha lado a lado na constru\u00e7\u00e3o de um ensino de qualidade.<\/p>\n\n\n\n<p><br>Estiveram presentes a solenidade de abertura Estela Maria Cassiolato Goda, presidente da Funda\u00e7\u00e3o Educacional de Andradina, Norival Nunes, Secret\u00e1rio de Finan\u00e7as da Prefeitura Municipal de Andradina,<br>Carla Baleroni Guerra, diretora dos cursos superiores da Funda\u00e7\u00e3o, William Marinho Dourado Coelho, Diretor do Hospital Veterin\u00e1rio, Daniela Becaria, diretora do Col\u00e9gio Anglo e Professor Fumagalli, coordenador do curso de Educa\u00e7\u00e3o F\u00edsica.<\/p>\n","protected":false},"excerpt":{"rendered":"<p>A Nova Funda\u00e7\u00e3o Educacional de Andradina iniciou a 21\u00ba Semana Acad\u00eamica da Faculdade de Medicina Veterin\u00e1ria de Andradina. A semana agrega uma s\u00e9rie ininterrupta de reuni\u00f5es consecutivas tratando de temas relacionados a Medicina Veterin\u00e1ria. Em 21 anos o curso j\u00e1 formou mais de 850 m\u00e9dicos veterin\u00e1rios, sendo um dos mais tradicionais na regi\u00e3o e recebe &hellip;<\/p>\n","protected":false},"author":1,"featured_media":690,"comment_status":"open","ping_status":"open","sticky":false,"template":"","format":"standard","meta":{"_jetpack_memberships_contains_paid_content":false,"footnotes":"","jetpack_publicize_message":"","jetpack_publicize_feature_enabled":true,"jetpack_social_post_already_shared":false,"jetpack_social_options":{"image_generator_settings":{"template":"highway","default_image_id":0,"enabled":false},"version":2}},"categories":[4],"tags":[],"class_list":["post-689","post","type-post","status-publish","format-standard","has-post-thumbnail","hentry","category-regiao"],"jetpack_publicize_connections":[],"jetpack_featured_media_url":"https:\/\/i0.wp.com\/www.paparazzinews.com.br\/wp-content\/uploads\/2022\/09\/d8244702-b5b4-43aa-9983-3b3859bbd226.jpg?fit=1024%2C768&ssl=1","views":"3254","jetpack_likes_enabled":true,"jetpack_sharing_enabled":true,"_links":{"self":[{"href":"https:\/\/www.paparazzinews.com.br\/index.php?rest_route=\/wp\/v2\/posts\/689","targetHints":{"allow":["GET"]}}],"collection":[{"href":"https:\/\/www.paparazzinews.com.br\/index.php?rest_route=\/wp\/v2\/posts"}],"about":[{"href":"https:\/\/www.paparazzinews.com.br\/index.php?rest_route=\/wp\/v2\/types\/post"}],"author":[{"embeddable":true,"href":"https:\/\/www.paparazzinews.com.br\/index.php?rest_route=\/wp\/v2\/users\/1"}],"replies":[{"embeddable":true,"href":"https:\/\/www.paparazzinews.com.br\/index.php?rest_route=%2Fwp%2Fv2%2Fcomments&post=689"}],"version-history":[{"count":1,"href":"https:\/\/www.paparazzinews.com.br\/index.php?rest_route=\/wp\/v2\/posts\/689\/revisions"}],"predecessor-version":[{"id":691,"href":"https:\/\/www.paparazzinews.com.br\/index.php?rest_route=\/wp\/v2\/posts\/689\/revisions\/691"}],"wp:featuredmedia":[{"embeddable":true,"href":"https:\/\/www.paparazzinews.com.br\/index.php?rest_route=\/wp\/v2\/media\/690"}],"wp:attachment":[{"href":"https:\/\/www.paparazzinews.com.br\/index.php?rest_route=%2Fwp%2Fv2%2Fmedia&parent=689"}],"wp:term":[{"taxonomy":"category","embeddable":true,"href":"https:\/\/www.paparazzinews.com.br\/index.php?rest_route=%2Fwp%2Fv2%2Fcategories&post=689"},{"taxonomy":"post_tag","embeddable":true,"href":"https:\/\/www.paparazzinews.com.br\/index.php?rest_route=%2Fwp%2Fv2%2Ftags&post=689"}],"curies":[{"name":"wp","href":"https:\/\/api.w.org\/{rel}","templated":true}]}}