{"id":6882,"date":"2023-11-07T10:53:20","date_gmt":"2023-11-07T13:53:20","guid":{"rendered":"https:\/\/www.paparazzinews.com.br\/?p=6882"},"modified":"2023-11-07T10:53:21","modified_gmt":"2023-11-07T13:53:21","slug":"mais-de-18-militares-trabalham-desde-a-madrugada-em-fogo-de-fabrica","status":"publish","type":"post","link":"https:\/\/www.paparazzinews.com.br\/?p=6882","title":{"rendered":"Mais de 18 militares trabalham desde a madrugada em fogo de f\u00e1brica"},"content":{"rendered":"\n<p>Um inc\u00eandio de grandes propor\u00e7\u00f5es atingiu as instala\u00e7\u00f5es de uma f\u00e1brica da Cacau Show em Linhares, no Esp\u00edrito Santo. O inc\u00eandio come\u00e7ou na madrugada desta ter\u00e7a-feira, 7, e no in\u00edcio da manh\u00e3 os bombeiros ainda trabalhavam para controlar as chamas. Segundo a corpora\u00e7\u00e3o, n\u00e3o h\u00e1 feridos. A informa\u00e7\u00e3o \u00e9 do Estad\u00e3o Conte\u00fado.<\/p>\n\n\n\n<p>O Corpo de Bombeiros foi acionado \u00e0s 4h40 e chegou \u00e0 f\u00e1brica cerca de dez minutos depois. No in\u00edcio da manh\u00e3, 18 militares da corpora\u00e7\u00e3o atuavam no combate \u00e0s chamas, que &#8220;j\u00e1 diminu\u00edram, mas o inc\u00eandio ainda est\u00e1 ativo&#8221;, segundo nota da corpora\u00e7\u00e3o enviada pouco depois das 8h30.<\/p>\n\n\n\n<p>&#8220;Neste momento, os militares atuam no controle e isolamento das chamas, para que n\u00e3o se espalhem para \u00e1reas que ainda n\u00e3o foram atingidas. J\u00e1 foram acionadas equipes de outros munic\u00edpios para apoio, sendo que guarni\u00e7\u00f5es de S\u00e3o Mateus e Aracruz (munic\u00edpios pr\u00f3ximos) est\u00e3o em deslocamento.<\/p>\n\n\n\n<p>Tamb\u00e9m h\u00e1 o apoio de carros-pipa da prefeitura. At\u00e9 o momento, n\u00e3o h\u00e1 relato de feridos que tenham precisado de socorro do Corpo de Bombeiros nem de \u00f3bito no local&#8221;, diz o texto.<\/p>\n\n\n\n<p>N\u00e3o h\u00e1 previs\u00e3o de t\u00e9rmino do trabalho de combate ao inc\u00eandio. Assim que as chamas forem extintas, o bombeiros ainda precisar\u00e3o fazer o trabalho de rescaldo &#8211; resfriamento total do ambiente para evitar novas chamas.<\/p>\n\n\n\n<p>A f\u00e1brica da Cacau Show est\u00e1 no bairro Canivete, \u00e0s margens da BR-101. V\u00eddeos postados nas redes sociais no in\u00edcio da manh\u00e3 mostram grandes labaredas e uma fuma\u00e7a escura que chega a dezenas de metros de altura.<\/p>\n\n\n\n<p>O governador do Esp\u00edrito Santo, Renato Casagrande (PSB), afirmou em um rede social que acompanha a situa\u00e7\u00e3o e que &#8220;felizmente, [n\u00e3o h\u00e1] nenhuma vida perdida no inc\u00eandio de grandes propor\u00e7\u00f5es na f\u00e1brica da Cacau Show&#8221;.<\/p>\n\n\n\n<p>E nota, a Cacau Show lamentou o incidente. &#8220;Felizmente, informamos que nenhum dos nossos colaboradores sofreu ferimentos graves&#8221;, afirmou a empresa. &#8220;A Cacau Show possui tr\u00eas f\u00e1bricas e a planta de Linhares representa 19% de toda a produ\u00e7\u00e3o da nossa marca. Estamos reorganizando nossa cadeia de Supply Chain para que n\u00e3o haja qualquer impacto de produ\u00e7\u00e3o.&#8221;<\/p>\n\n\n\n<p><strong><em><strong><em><strong>Participe da comunidade do Canal Roni Paparazzi no Whatsapp e receba as principais not\u00edcias do dia direto no seu celular.<\/strong>\u00a0<a rel=\"noreferrer noopener\" href=\"https:\/\/chat.whatsapp.com\/GsG1XKo0jPOEfjzudWQcml\" target=\"_blank\">\u00a0Clique aqui e se inscreva.<\/a><\/em><\/strong><\/em><\/strong><\/p>\n","protected":false},"excerpt":{"rendered":"<p>Um inc\u00eandio de grandes propor\u00e7\u00f5es atingiu as instala\u00e7\u00f5es de uma f\u00e1brica da Cacau Show em Linhares, no Esp\u00edrito Santo. O inc\u00eandio come\u00e7ou na madrugada desta ter\u00e7a-feira, 7, e no in\u00edcio da manh\u00e3 os bombeiros ainda trabalhavam para controlar as chamas. Segundo a corpora\u00e7\u00e3o, n\u00e3o h\u00e1 feridos. A informa\u00e7\u00e3o \u00e9 do Estad\u00e3o Conte\u00fado. O Corpo de &hellip;<\/p>\n","protected":false},"author":1,"featured_media":6883,"comment_status":"open","ping_status":"open","sticky":false,"template":"","format":"standard","meta":{"_jetpack_memberships_contains_paid_content":false,"footnotes":"","jetpack_publicize_message":"","jetpack_publicize_feature_enabled":true,"jetpack_social_post_already_shared":false,"jetpack_social_options":{"image_generator_settings":{"template":"highway","default_image_id":0,"enabled":false},"version":2}},"categories":[3],"tags":[],"class_list":["post-6882","post","type-post","status-publish","format-standard","has-post-thumbnail","hentry","category-policial"],"jetpack_publicize_connections":[],"jetpack_featured_media_url":"https:\/\/i0.wp.com\/www.paparazzinews.com.br\/wp-content\/uploads\/2023\/11\/incendio-atinge-fabrica-da-cacau-show-em-linhares-es-071123_114119.jpg?fit=761%2C524&ssl=1","views":"6082","jetpack_likes_enabled":true,"jetpack_sharing_enabled":true,"_links":{"self":[{"href":"https:\/\/www.paparazzinews.com.br\/index.php?rest_route=\/wp\/v2\/posts\/6882","targetHints":{"allow":["GET"]}}],"collection":[{"href":"https:\/\/www.paparazzinews.com.br\/index.php?rest_route=\/wp\/v2\/posts"}],"about":[{"href":"https:\/\/www.paparazzinews.com.br\/index.php?rest_route=\/wp\/v2\/types\/post"}],"author":[{"embeddable":true,"href":"https:\/\/www.paparazzinews.com.br\/index.php?rest_route=\/wp\/v2\/users\/1"}],"replies":[{"embeddable":true,"href":"https:\/\/www.paparazzinews.com.br\/index.php?rest_route=%2Fwp%2Fv2%2Fcomments&post=6882"}],"version-history":[{"count":1,"href":"https:\/\/www.paparazzinews.com.br\/index.php?rest_route=\/wp\/v2\/posts\/6882\/revisions"}],"predecessor-version":[{"id":6884,"href":"https:\/\/www.paparazzinews.com.br\/index.php?rest_route=\/wp\/v2\/posts\/6882\/revisions\/6884"}],"wp:featuredmedia":[{"embeddable":true,"href":"https:\/\/www.paparazzinews.com.br\/index.php?rest_route=\/wp\/v2\/media\/6883"}],"wp:attachment":[{"href":"https:\/\/www.paparazzinews.com.br\/index.php?rest_route=%2Fwp%2Fv2%2Fmedia&parent=6882"}],"wp:term":[{"taxonomy":"category","embeddable":true,"href":"https:\/\/www.paparazzinews.com.br\/index.php?rest_route=%2Fwp%2Fv2%2Fcategories&post=6882"},{"taxonomy":"post_tag","embeddable":true,"href":"https:\/\/www.paparazzinews.com.br\/index.php?rest_route=%2Fwp%2Fv2%2Ftags&post=6882"}],"curies":[{"name":"wp","href":"https:\/\/api.w.org\/{rel}","templated":true}]}}