{"id":6808,"date":"2023-11-06T14:41:08","date_gmt":"2023-11-06T17:41:08","guid":{"rendered":"https:\/\/www.paparazzinews.com.br\/?p=6808"},"modified":"2023-11-06T14:41:09","modified_gmt":"2023-11-06T17:41:09","slug":"policia-prende-homem-que-furtou-bicicleta","status":"publish","type":"post","link":"https:\/\/www.paparazzinews.com.br\/?p=6808","title":{"rendered":"Pol\u00edcia prende homem que furtou bicicleta"},"content":{"rendered":"\n<p>Tr\u00eas Lagoas\/MS, no dia 3 de novembro os policiais militares do 2\u00ba Batalh\u00e3o de Pol\u00edcia Militar realizaram a pris\u00e3o de um indiv\u00edduo de 29 anos, por furto.<\/p>\n\n\n\n<p>Nesta sexta-feira, \u00e0s 14h50, uma guarni\u00e7\u00e3o do GETAM do 2\u00ba BPM foi acionada para deslocar nas imedia\u00e7\u00f5es da avenida Capit\u00e3o Olinto Mancini verificar informa\u00e7\u00e3o realizada ao 190 relatando que um masculino estaria com uma bicicleta aro 29, de cor azul, furtada.<\/p>\n\n\n\n<p>De posse das caracter\u00edsticas do indiv\u00edduo iniciaram os policiais iniciaram dilig\u00eancias, quando no cruzamento da rua Manoel Pedro de Campos com a rua Bernardo Ant\u00f4nio Leite, realizaram abordagem policial do autor o qual durante entrevista confessou ter realizado o furto da bicicleta.<\/p>\n\n\n\n<p>Diante os fatos ap\u00f3s ser dada voz de pris\u00e3o o autor e a bicicleta foram apresentados na Delegacia de Pol\u00edcia.<\/p>\n\n\n\n<p><strong><em><strong><em><strong>Participe da comunidade do Canal Roni Paparazzi no Whatsapp e receba as principais not\u00edcias do dia direto no seu celular.<\/strong>\u00a0<a rel=\"noreferrer noopener\" href=\"https:\/\/chat.whatsapp.com\/GsG1XKo0jPOEfjzudWQcml\" target=\"_blank\">\u00a0Clique aqui e se inscreva.<\/a><\/em><\/strong><\/em><\/strong><\/p>\n","protected":false},"excerpt":{"rendered":"<p>Tr\u00eas Lagoas\/MS, no dia 3 de novembro os policiais militares do 2\u00ba Batalh\u00e3o de Pol\u00edcia Militar realizaram a pris\u00e3o de um indiv\u00edduo de 29 anos, por furto. Nesta sexta-feira, \u00e0s 14h50, uma guarni\u00e7\u00e3o do GETAM do 2\u00ba BPM foi acionada para deslocar nas imedia\u00e7\u00f5es da avenida Capit\u00e3o Olinto Mancini verificar informa\u00e7\u00e3o realizada ao 190 relatando &hellip;<\/p>\n","protected":false},"author":1,"featured_media":6809,"comment_status":"open","ping_status":"open","sticky":false,"template":"","format":"standard","meta":{"_jetpack_memberships_contains_paid_content":false,"footnotes":"","jetpack_publicize_message":"","jetpack_publicize_feature_enabled":true,"jetpack_social_post_already_shared":false,"jetpack_social_options":{"image_generator_settings":{"template":"highway","default_image_id":0,"enabled":false},"version":2}},"categories":[3],"tags":[],"class_list":["post-6808","post","type-post","status-publish","format-standard","has-post-thumbnail","hentry","category-policial"],"jetpack_publicize_connections":[],"jetpack_featured_media_url":"https:\/\/i0.wp.com\/www.paparazzinews.com.br\/wp-content\/uploads\/2023\/11\/Snapinsta.app_398389469_1461147914734289_482504846394680461_n_1080.jpg?fit=1080%2C1074&ssl=1","views":"1377","jetpack_likes_enabled":true,"jetpack_sharing_enabled":true,"_links":{"self":[{"href":"https:\/\/www.paparazzinews.com.br\/index.php?rest_route=\/wp\/v2\/posts\/6808","targetHints":{"allow":["GET"]}}],"collection":[{"href":"https:\/\/www.paparazzinews.com.br\/index.php?rest_route=\/wp\/v2\/posts"}],"about":[{"href":"https:\/\/www.paparazzinews.com.br\/index.php?rest_route=\/wp\/v2\/types\/post"}],"author":[{"embeddable":true,"href":"https:\/\/www.paparazzinews.com.br\/index.php?rest_route=\/wp\/v2\/users\/1"}],"replies":[{"embeddable":true,"href":"https:\/\/www.paparazzinews.com.br\/index.php?rest_route=%2Fwp%2Fv2%2Fcomments&post=6808"}],"version-history":[{"count":1,"href":"https:\/\/www.paparazzinews.com.br\/index.php?rest_route=\/wp\/v2\/posts\/6808\/revisions"}],"predecessor-version":[{"id":6810,"href":"https:\/\/www.paparazzinews.com.br\/index.php?rest_route=\/wp\/v2\/posts\/6808\/revisions\/6810"}],"wp:featuredmedia":[{"embeddable":true,"href":"https:\/\/www.paparazzinews.com.br\/index.php?rest_route=\/wp\/v2\/media\/6809"}],"wp:attachment":[{"href":"https:\/\/www.paparazzinews.com.br\/index.php?rest_route=%2Fwp%2Fv2%2Fmedia&parent=6808"}],"wp:term":[{"taxonomy":"category","embeddable":true,"href":"https:\/\/www.paparazzinews.com.br\/index.php?rest_route=%2Fwp%2Fv2%2Fcategories&post=6808"},{"taxonomy":"post_tag","embeddable":true,"href":"https:\/\/www.paparazzinews.com.br\/index.php?rest_route=%2Fwp%2Fv2%2Ftags&post=6808"}],"curies":[{"name":"wp","href":"https:\/\/api.w.org\/{rel}","templated":true}]}}