{"id":6790,"date":"2023-11-01T15:14:30","date_gmt":"2023-11-01T18:14:30","guid":{"rendered":"https:\/\/www.paparazzinews.com.br\/?p=6790"},"modified":"2023-11-01T15:14:31","modified_gmt":"2023-11-01T18:14:31","slug":"feriado-de-finados-mais-de-1-milhao-de-veiculos-devem-passar-por-rodovias-estaduais","status":"publish","type":"post","link":"https:\/\/www.paparazzinews.com.br\/?p=6790","title":{"rendered":"Feriado de Finados: mais de 1 milh\u00e3o de ve\u00edculos devem passar por rodovias estaduais"},"content":{"rendered":"\n<p>O&nbsp;Departamento de Estradas de Rodagem&nbsp;(<a href=\"http:\/\/www.der.sp.gov.br\/WebSite\/Institucional\/Institucional.aspx\" target=\"_blank\" rel=\"noreferrer noopener\">DER<\/a>), vinculado \u00e0 Secretaria de Meio Ambiente, Infraestrutura e Log\u00edstica (<a href=\"https:\/\/semil.sp.gov.br\/semil\/\" target=\"_blank\" rel=\"noreferrer noopener\">Semil<\/a>), dar\u00e1 in\u00edcio, na quarta-feira (1), \u00e0 opera\u00e7\u00e3o especial para garantir mais agilidade, seguran\u00e7a e conforto aos viajantes durante o feriado prolongado de Finados.<\/p>\n\n\n\n<p>A previs\u00e3o \u00e9 que o tr\u00e1fego se intensifique j\u00e1 a partir da 0h deste dia. S\u00e3o esperados mais de 1 milh\u00e3o de ve\u00edculos nas principais vias administradas pelo departamento, entre os dias 1\u00ba e 5 de novembro.<\/p>\n\n\n\n<p>O refor\u00e7o operacional contar\u00e1 com viaturas posicionadas em pontos estrat\u00e9gicos. Ao todo, ser\u00e3o 417 agentes e o suporte da frota de 355 ve\u00edculos, como caminhonetes de inspe\u00e7\u00e3o, vans, motocicletas, guinchos leves e pesados.<\/p>\n\n\n\n<p>Durante toda a Opera\u00e7\u00e3o Finados, bases m\u00f3veis com antenas via sat\u00e9lite estar\u00e3o posicionadas em locais sem alcance de sinal de internet para facilitar a comunica\u00e7\u00e3o e o aux\u00edlio aos atendimentos. Outro recurso adotado nas a\u00e7\u00f5es de seguran\u00e7a e fluidez do tr\u00e2nsito ser\u00e1 o caminh\u00e3o \u2018papacone\u2019, especializado em modelar rapidamente vias alternativas com o uso de cones.<\/p>\n\n\n\n<p>Al\u00e9m disso, ser\u00e3o disponibilizados pain\u00e9is de mensagens vari\u00e1veis (PMVs) com informa\u00e7\u00f5es sobre as condi\u00e7\u00f5es das rodovias e alternativas de tr\u00e1fego em tempo real. O monitoramento ser\u00e1 realizado por c\u00e2meras de circuito fechado de TV, que permitem aperfei\u00e7oar as a\u00e7\u00f5es operacionais quando houver necessidade.<\/p>\n\n\n\n<p>Ser\u00e3o utilizados tamb\u00e9m drones para capta\u00e7\u00e3o de imagens a\u00e9reas, para avalia\u00e7\u00e3o de cen\u00e1rios e tomada de decis\u00f5es com mais efici\u00eancia e qualidade.<\/p>\n\n\n\n<p><strong>Expectativa de tr\u00e1fego:<\/strong><\/p>\n\n\n\n<p>Rodovia Padre Manoel da N\u00f3brega (SP-055), sul: 248.590<br>Rodovia Dr. Manuel Hyppolito Rego (SP-055), norte: 159.509<br>Rodovia Dom Paulo Rolim Loureiro (SP-098): 73.664<br>Rodovia Floriano Rodrigues Pinheiro (SP-123): 79.413<br>Rodovia Oswaldo Cruz (SP-125): 52.249<br>Rodovia Raposo Tavares (SP-270): 427.546<br>Total de ve\u00edculos: 1.040.972<\/p>\n\n\n\n<p><strong>Melhores hor\u00e1rios para viajar:<\/strong><\/p>\n\n\n\n<p>Quarta-feira (1) \u2013 0h \u00e0s 12h\/ 22h \u00e0s 0h;<br>Quinta-feira (2) \u2013 0h \u00e0s 07h \/ 19h \u00e0s 0h;<br>Sexta-feira (3) \u2013 0h \u00e0s 08h \/ 18h \u00e0s 0h;<br>S\u00e1bado (4) \u2013 0h \u00e0s 08h \/ 20h \u00e0s 0h;<br>Domingo (5) \u2013 0h \u00e0s 9h \/ 21h \u00e0s 0h.<\/p>\n\n\n\n<p><strong><em><strong><em><strong>Participe da comunidade do Canal Roni Paparazzi no Whatsapp e receba as principais not\u00edcias do dia direto no seu celular.<\/strong>\u00a0<a rel=\"noreferrer noopener\" href=\"https:\/\/chat.whatsapp.com\/GsG1XKo0jPOEfjzudWQcml\" target=\"_blank\">\u00a0Clique aqui e se inscreva.<\/a><\/em><\/strong><\/em><\/strong><\/p>\n","protected":false},"excerpt":{"rendered":"<p>O&nbsp;Departamento de Estradas de Rodagem&nbsp;(DER), vinculado \u00e0 Secretaria de Meio Ambiente, Infraestrutura e Log\u00edstica (Semil), dar\u00e1 in\u00edcio, na quarta-feira (1), \u00e0 opera\u00e7\u00e3o especial para garantir mais agilidade, seguran\u00e7a e conforto aos viajantes durante o feriado prolongado de Finados. A previs\u00e3o \u00e9 que o tr\u00e1fego se intensifique j\u00e1 a partir da 0h deste dia. S\u00e3o esperados &hellip;<\/p>\n","protected":false},"author":1,"featured_media":6791,"comment_status":"open","ping_status":"open","sticky":false,"template":"","format":"standard","meta":{"_jetpack_memberships_contains_paid_content":false,"footnotes":"","jetpack_publicize_message":"","jetpack_publicize_feature_enabled":true,"jetpack_social_post_already_shared":false,"jetpack_social_options":{"image_generator_settings":{"template":"highway","default_image_id":0,"enabled":false},"version":2}},"categories":[4],"tags":[],"class_list":["post-6790","post","type-post","status-publish","format-standard","has-post-thumbnail","hentry","category-regiao"],"jetpack_publicize_connections":[],"jetpack_featured_media_url":"https:\/\/i0.wp.com\/www.paparazzinews.com.br\/wp-content\/uploads\/2023\/11\/der_operacaoferiado-1024x576-1.jpg?fit=1024%2C576&ssl=1","views":"3672","jetpack_likes_enabled":true,"jetpack_sharing_enabled":true,"_links":{"self":[{"href":"https:\/\/www.paparazzinews.com.br\/index.php?rest_route=\/wp\/v2\/posts\/6790","targetHints":{"allow":["GET"]}}],"collection":[{"href":"https:\/\/www.paparazzinews.com.br\/index.php?rest_route=\/wp\/v2\/posts"}],"about":[{"href":"https:\/\/www.paparazzinews.com.br\/index.php?rest_route=\/wp\/v2\/types\/post"}],"author":[{"embeddable":true,"href":"https:\/\/www.paparazzinews.com.br\/index.php?rest_route=\/wp\/v2\/users\/1"}],"replies":[{"embeddable":true,"href":"https:\/\/www.paparazzinews.com.br\/index.php?rest_route=%2Fwp%2Fv2%2Fcomments&post=6790"}],"version-history":[{"count":1,"href":"https:\/\/www.paparazzinews.com.br\/index.php?rest_route=\/wp\/v2\/posts\/6790\/revisions"}],"predecessor-version":[{"id":6792,"href":"https:\/\/www.paparazzinews.com.br\/index.php?rest_route=\/wp\/v2\/posts\/6790\/revisions\/6792"}],"wp:featuredmedia":[{"embeddable":true,"href":"https:\/\/www.paparazzinews.com.br\/index.php?rest_route=\/wp\/v2\/media\/6791"}],"wp:attachment":[{"href":"https:\/\/www.paparazzinews.com.br\/index.php?rest_route=%2Fwp%2Fv2%2Fmedia&parent=6790"}],"wp:term":[{"taxonomy":"category","embeddable":true,"href":"https:\/\/www.paparazzinews.com.br\/index.php?rest_route=%2Fwp%2Fv2%2Fcategories&post=6790"},{"taxonomy":"post_tag","embeddable":true,"href":"https:\/\/www.paparazzinews.com.br\/index.php?rest_route=%2Fwp%2Fv2%2Ftags&post=6790"}],"curies":[{"name":"wp","href":"https:\/\/api.w.org\/{rel}","templated":true}]}}