{"id":6749,"date":"2023-10-31T14:45:10","date_gmt":"2023-10-31T17:45:10","guid":{"rendered":"https:\/\/www.paparazzinews.com.br\/?p=6749"},"modified":"2023-10-31T14:45:11","modified_gmt":"2023-10-31T17:45:11","slug":"evolucao-no-saneamento-aguas-andradina-comemora-13-anos-de-avancos-nos-servicos-de-agua-e-esgoto","status":"publish","type":"post","link":"https:\/\/www.paparazzinews.com.br\/?p=6749","title":{"rendered":"EVOLU\u00c7\u00c3O NO SANEAMENTO: \u00c1guas Andradina comemora 13 anos de avan\u00e7os nos servi\u00e7os de \u00e1gua e esgoto"},"content":{"rendered":"\n<p>Este m\u00eas de outubro \u00e9 especial para todos os colaboradores da&nbsp;&nbsp;\u00c1guas Andradina, empresa do grupo Igu\u00e1 Saneamento e Sabesp. \u00c9 momento de comemorar 13 anos de trabalho e comprometimento com o bem-estar, sa\u00fade e qualidade de vida dos andradinenses.<\/p>\n\n\n\n<p><strong>Trabalho e dedica\u00e7\u00e3o<\/strong><strong><\/strong><\/p>\n\n\n\n<p>Desde 2010, j\u00e1 foram investidos R$ 78 milh\u00f5es em importantes obras para melhorias nos sistemas como constru\u00e7\u00f5es de novos reservat\u00f3rios para ampliar a capacidade de produ\u00e7\u00e3o e armazenamento de \u00e1gua, setoriza\u00e7\u00e3o das redes de distribui\u00e7\u00e3o, laborat\u00f3rio de an\u00e1lise da qualidade, moderniza\u00e7\u00e3o das esta\u00e7\u00f5es de tratamento de esgoto e aumento e melhorias constantes nos canais de atendimento ao cliente.<\/p>\n\n\n\n<p>Indo al\u00e9m dos servi\u00e7os de \u00e1gua e esgoto, tamb\u00e9m s\u00e3o implantados in\u00fameros projetos de responsabilidade social em escolas, institui\u00e7\u00f5es e bairros da cidade com iniciativas de conscientiza\u00e7\u00e3o ambiental importantes para o presente e para as futuras gera\u00e7\u00f5es.<\/p>\n\n\n\n<p><strong>Inova\u00e7\u00e3o e tecnologia para Andradina<\/strong><strong><\/strong><\/p>\n\n\n\n<p>Um dos destaques desses 13 anos \u00e9 a implanta\u00e7\u00e3o do Centro de Controle Operacional. Essa unidade disp\u00f5e de softwares para analisar o funcionamento dos sistemas, \u00e9&nbsp;<em>uma das mais modernas no setor de saneamento e traz benef\u00edcios para os moradores de Andradina.<\/em><\/p>\n\n\n\n<p>Para isso, foi investido cerca de R$ 2 milh\u00f5es em telemetria e adequa\u00e7\u00f5es eletromec\u00e2nicas para automatizar reservat\u00f3rias, po\u00e7os, elevat\u00f3rias e, nos pr\u00f3ximos meses, todas as esta\u00e7\u00f5es de tratamento de esgoto. \u201c\u00c9 nosso compromisso sempre buscar o que h\u00e1 de mais novo no mercado de saneamento para atender com ainda mais efici\u00eancia os nossos clientes\u201d, destaca o diretor geral da concession\u00e1ria, Lu\u00eds Guilherme Bizelli.<\/p>\n\n\n\n<p>Segundo o gerente operacional da \u00c1guas Andradina, Matheus Felipe Silva, \u201c\u00e9 importante destacar as melhorias significativas nos sistemas de distribui\u00e7\u00e3o de \u00e1gua em todos os bairros da cidade por meio de refor\u00e7os de rede, setoriza\u00e7\u00e3o e implanta\u00e7\u00e3o de novos reservat\u00f3rios\u201d, complementa.<\/p>\n\n\n\n<p><strong>Entenda como funciona<\/strong><\/p>\n\n\n\n<p>Desde 2020, a \u00c1guas Andradina iniciou o processo de automa\u00e7\u00e3o dos dispositivos el\u00e9tricos e hidr\u00e1ulicos dos sistemas por meio da Telemetria &#8211; uma tecnologia que permite a medi\u00e7\u00e3o, comunica\u00e7\u00e3o, transmiss\u00e3o e armazenamento de dados por meio de dispositivos sem fio, como ondas de r\u00e1dio, e pain\u00e9is, unindo desta forma o mundo f\u00edsico com o digital.&nbsp;<\/p>\n\n\n\n<p>\u00c9 essa automa\u00e7\u00e3o que gera dados em tempo real e hist\u00f3ricos de par\u00e2metros operacionais das redes como vaz\u00e3o, press\u00e3o, consumo de energia, n\u00edveis de reservat\u00f3rios e funcionamento das esta\u00e7\u00f5es de tratamento de esgoto.&nbsp;<\/p>\n\n\n\n<p>Com o uso de t\u00e9cnicas de intelig\u00eancia artificial, agora \u00e9 poss\u00edvel identificar altera\u00e7\u00e3o de press\u00e3o em um determinado ponto estrat\u00e9gico da rede de abastecimento de \u00e1gua, por exemplo. \u201cQuando isso acontece, a tomada de decis\u00e3o \u00e9 imediata para realizar as melhorias necess\u00e1rias. Antes, o tempo estimado para monitorar todo o sistema era de&nbsp;&nbsp;at\u00e9 10 horas, hoje \u00e9 poss\u00edvel enxergar tudo em tempo real. Com certeza, \u00e9 um marco nesses 13 anos da nossa hist\u00f3ria aqui em Andradina\u201d, explica Matheus.<\/p>\n\n\n\n<p><strong>\u00c1guas Andradina em n\u00fameros<\/strong><\/p>\n\n\n\n<p>\u25cf&nbsp;&nbsp;&nbsp;&nbsp;&nbsp;&nbsp;&nbsp;&nbsp;450 mil litros de \u00e1gua produzidos<\/p>\n\n\n\n<p>\u25cf&nbsp;&nbsp;&nbsp;&nbsp;&nbsp;&nbsp;&nbsp;&nbsp;100% de \u00e1gua tratada<\/p>\n\n\n\n<p>\u25cf&nbsp;&nbsp;&nbsp;&nbsp;&nbsp;&nbsp;&nbsp;&nbsp;100% de esgoto tratado<\/p>\n\n\n\n<p>\u25cf&nbsp;&nbsp;&nbsp;&nbsp;&nbsp;&nbsp;&nbsp;&nbsp;98,6% de esgoto coletado<\/p>\n\n\n\n<p>\u25cf&nbsp;&nbsp;&nbsp;&nbsp;&nbsp;&nbsp;&nbsp;&nbsp;350 mil metros c\u00fabicos de esgoto tratado todos os meses<\/p>\n\n\n\n<p>\u25cf&nbsp;&nbsp;&nbsp;&nbsp;&nbsp;&nbsp;&nbsp;&nbsp;327 quil\u00f4metros de rede de \u00e1gua&nbsp;<\/p>\n\n\n\n<p>\u25cf&nbsp;&nbsp;&nbsp;&nbsp;&nbsp;&nbsp;&nbsp;&nbsp;316 km de rede de esgoto<\/p>\n\n\n\n<p>\u25cf&nbsp;&nbsp;&nbsp;&nbsp;&nbsp;&nbsp;&nbsp;&nbsp;31 reservat\u00f3rios<\/p>\n\n\n\n<p>\u25cf&nbsp;&nbsp;&nbsp;&nbsp;&nbsp;&nbsp;&nbsp;&nbsp;47 po\u00e7os<\/p>\n\n\n\n<p>\u25cf&nbsp;&nbsp;&nbsp;&nbsp;&nbsp;&nbsp;&nbsp;&nbsp;Oito elevat\u00f3rias de esgoto<\/p>\n\n\n\n<p>\u25cf&nbsp;&nbsp;&nbsp;&nbsp;&nbsp;&nbsp;&nbsp;&nbsp;Cerca de 100 colaboradores<\/p>\n\n\n\n<p>\u25cf&nbsp;&nbsp;&nbsp;&nbsp;&nbsp;&nbsp;&nbsp;&nbsp;23,6 mil leituras realizadas todos os meses<\/p>\n\n\n\n<p>\u25cf&nbsp;&nbsp;&nbsp;&nbsp;&nbsp;&nbsp;&nbsp;&nbsp;3,8 mil an\u00e1lises de \u00e1gua por m\u00eas<\/p>\n\n\n\n<p>\u25cf&nbsp;&nbsp;&nbsp;&nbsp;&nbsp;&nbsp;&nbsp;&nbsp;Cerca de 500 an\u00e1lises de esgoto por m\u00eas<\/p>\n\n\n\n<p>Saiba mais sobre a \u00c1guas Andradina no site\u00a0<a rel=\"noreferrer noopener\" href=\"http:\/\/www.igua.com.br\/andardina\" target=\"_blank\">www.igua.com.br\/andradina<\/a>.<\/p>\n\n\n\n<figure class=\"wp-block-image size-large\"><img data-recalc-dims=\"1\" loading=\"lazy\" decoding=\"async\" width=\"708\" height=\"384\" src=\"https:\/\/i0.wp.com\/www.paparazzinews.com.br\/wp-content\/uploads\/2023\/10\/Aguas-Andradina-foto-AlexPelicer.jpg?resize=708%2C384&#038;ssl=1\" alt=\"\" class=\"wp-image-6751\" srcset=\"https:\/\/i0.wp.com\/www.paparazzinews.com.br\/wp-content\/uploads\/2023\/10\/Aguas-Andradina-foto-AlexPelicer.jpg?resize=1024%2C555&amp;ssl=1 1024w, https:\/\/i0.wp.com\/www.paparazzinews.com.br\/wp-content\/uploads\/2023\/10\/Aguas-Andradina-foto-AlexPelicer.jpg?resize=300%2C163&amp;ssl=1 300w, https:\/\/i0.wp.com\/www.paparazzinews.com.br\/wp-content\/uploads\/2023\/10\/Aguas-Andradina-foto-AlexPelicer.jpg?resize=768%2C416&amp;ssl=1 768w, https:\/\/i0.wp.com\/www.paparazzinews.com.br\/wp-content\/uploads\/2023\/10\/Aguas-Andradina-foto-AlexPelicer.jpg?resize=1536%2C833&amp;ssl=1 1536w, https:\/\/i0.wp.com\/www.paparazzinews.com.br\/wp-content\/uploads\/2023\/10\/Aguas-Andradina-foto-AlexPelicer.jpg?w=2000&amp;ssl=1 2000w, https:\/\/i0.wp.com\/www.paparazzinews.com.br\/wp-content\/uploads\/2023\/10\/Aguas-Andradina-foto-AlexPelicer.jpg?w=1416&amp;ssl=1 1416w\" sizes=\"auto, (max-width: 708px) 100vw, 708px\" \/><\/figure>\n\n\n\n<figure class=\"wp-block-image size-large\"><img data-recalc-dims=\"1\" loading=\"lazy\" decoding=\"async\" width=\"708\" height=\"530\" src=\"https:\/\/i0.wp.com\/www.paparazzinews.com.br\/wp-content\/uploads\/2023\/10\/Aguas-Andradina-nas-Escolas-no-SESI-com-a-palestra-Combate-a-Poluicao.jpeg?resize=708%2C530&#038;ssl=1\" alt=\"\" class=\"wp-image-6752\"\/><\/figure>\n\n\n\n<p><strong>\u00c1guas Andradina nas Escolas no SESI com a palestra Combate \u00e0 Polui\u00e7\u00e3o<\/strong><\/p>\n\n\n\n<figure class=\"wp-block-image size-large\"><img data-recalc-dims=\"1\" loading=\"lazy\" decoding=\"async\" width=\"708\" height=\"472\" src=\"https:\/\/i0.wp.com\/www.paparazzinews.com.br\/wp-content\/uploads\/2023\/10\/ERAT-Alvorada-imagens-com-eletromecanico-foto_ricardoBoni-6.jpg?resize=708%2C472&#038;ssl=1\" alt=\"\" class=\"wp-image-6753\"\/><\/figure>\n\n\n\n<figure class=\"wp-block-image size-large\"><img data-recalc-dims=\"1\" loading=\"lazy\" decoding=\"async\" width=\"708\" height=\"398\" src=\"https:\/\/i0.wp.com\/www.paparazzinews.com.br\/wp-content\/uploads\/2023\/10\/Estaouo-Saudade-3.jpg?resize=708%2C398&#038;ssl=1\" alt=\"\" class=\"wp-image-6754\"\/><\/figure>\n\n\n\n<figure class=\"wp-block-image size-large\"><img data-recalc-dims=\"1\" loading=\"lazy\" decoding=\"async\" width=\"708\" height=\"531\" src=\"https:\/\/i0.wp.com\/www.paparazzinews.com.br\/wp-content\/uploads\/2023\/10\/CCO-Centro-de-Controle-Operacional-2.jpeg?resize=708%2C531&#038;ssl=1\" alt=\"\" class=\"wp-image-6755\"\/><\/figure>\n\n\n\n<p><strong><em><strong><em><strong>Participe da comunidade do Canal Roni Paparazzi no Whatsapp e receba as principais not\u00edcias do dia direto no seu celular.<\/strong>\u00a0<a rel=\"noreferrer noopener\" href=\"https:\/\/chat.whatsapp.com\/GsG1XKo0jPOEfjzudWQcml\" target=\"_blank\">\u00a0Clique aqui e se inscreva.<\/a><\/em><\/strong><\/em><\/strong><\/p>\n","protected":false},"excerpt":{"rendered":"<p>Este m\u00eas de outubro \u00e9 especial para todos os colaboradores da&nbsp;&nbsp;\u00c1guas Andradina, empresa do grupo Igu\u00e1 Saneamento e Sabesp. \u00c9 momento de comemorar 13 anos de trabalho e comprometimento com o bem-estar, sa\u00fade e qualidade de vida dos andradinenses. Trabalho e dedica\u00e7\u00e3o Desde 2010, j\u00e1 foram investidos R$ 78 milh\u00f5es em importantes obras para melhorias &hellip;<\/p>\n","protected":false},"author":1,"featured_media":6750,"comment_status":"open","ping_status":"open","sticky":false,"template":"","format":"standard","meta":{"_jetpack_memberships_contains_paid_content":false,"footnotes":"","jetpack_publicize_message":"","jetpack_publicize_feature_enabled":true,"jetpack_social_post_already_shared":false,"jetpack_social_options":{"image_generator_settings":{"template":"highway","default_image_id":0,"enabled":false},"version":2}},"categories":[4],"tags":[],"class_list":["post-6749","post","type-post","status-publish","format-standard","has-post-thumbnail","hentry","category-regiao"],"jetpack_publicize_connections":[],"jetpack_featured_media_url":"https:\/\/i0.wp.com\/www.paparazzinews.com.br\/wp-content\/uploads\/2023\/10\/Projeto-Saneamento-com-escolas-de-Andradina-e1698773816132.jpeg?fit=1000%2C748&ssl=1","views":"3626","jetpack_likes_enabled":true,"jetpack_sharing_enabled":true,"_links":{"self":[{"href":"https:\/\/www.paparazzinews.com.br\/index.php?rest_route=\/wp\/v2\/posts\/6749","targetHints":{"allow":["GET"]}}],"collection":[{"href":"https:\/\/www.paparazzinews.com.br\/index.php?rest_route=\/wp\/v2\/posts"}],"about":[{"href":"https:\/\/www.paparazzinews.com.br\/index.php?rest_route=\/wp\/v2\/types\/post"}],"author":[{"embeddable":true,"href":"https:\/\/www.paparazzinews.com.br\/index.php?rest_route=\/wp\/v2\/users\/1"}],"replies":[{"embeddable":true,"href":"https:\/\/www.paparazzinews.com.br\/index.php?rest_route=%2Fwp%2Fv2%2Fcomments&post=6749"}],"version-history":[{"count":1,"href":"https:\/\/www.paparazzinews.com.br\/index.php?rest_route=\/wp\/v2\/posts\/6749\/revisions"}],"predecessor-version":[{"id":6756,"href":"https:\/\/www.paparazzinews.com.br\/index.php?rest_route=\/wp\/v2\/posts\/6749\/revisions\/6756"}],"wp:featuredmedia":[{"embeddable":true,"href":"https:\/\/www.paparazzinews.com.br\/index.php?rest_route=\/wp\/v2\/media\/6750"}],"wp:attachment":[{"href":"https:\/\/www.paparazzinews.com.br\/index.php?rest_route=%2Fwp%2Fv2%2Fmedia&parent=6749"}],"wp:term":[{"taxonomy":"category","embeddable":true,"href":"https:\/\/www.paparazzinews.com.br\/index.php?rest_route=%2Fwp%2Fv2%2Fcategories&post=6749"},{"taxonomy":"post_tag","embeddable":true,"href":"https:\/\/www.paparazzinews.com.br\/index.php?rest_route=%2Fwp%2Fv2%2Ftags&post=6749"}],"curies":[{"name":"wp","href":"https:\/\/api.w.org\/{rel}","templated":true}]}}