{"id":674,"date":"2022-09-12T15:34:02","date_gmt":"2022-09-12T18:34:02","guid":{"rendered":"https:\/\/www.paparazzinews.com.br\/?p=674"},"modified":"2022-09-12T15:41:35","modified_gmt":"2022-09-12T18:41:35","slug":"dono-de-cachorro-indenizara-mulher-que-foi-mordida-no-rosto","status":"publish","type":"post","link":"https:\/\/www.paparazzinews.com.br\/?p=674","title":{"rendered":"Dono de cachorro indenizar\u00e1 mulher que foi mordida no rosto"},"content":{"rendered":"\n<p>A 1\u00aa turma recursal dos Juizados Especiais do DF manteve senten\u00e7a que condenou o dono de um golden retriever a indenizar uma mulher que teve ferimentos na orelha ap\u00f3s ser atacada pelo cachorro. O colegiado lembrou que&nbsp;o&nbsp;detentor da guarda responde pelos danos causados pelo animal,&nbsp;quando n\u00e3o comprovar que houve culpa da v\u00edtima ou for\u00e7a maior.&nbsp;&nbsp;<\/p>\n\n\n\n<p>Narra a autora que estava com amigos em uma ch\u00e1cara, quando o r\u00e9u chegou ao local com&nbsp;o&nbsp;cachorro&nbsp;sem guia e focinheira.&nbsp;Ela relata que tirava fotos perto do animal, quando foi atacada com mordidas, o que causou ferimentos no rosto, pr\u00f3ximo a orelha direita. Conta que recebeu os primeiros socorros e medicamentos no pronto socorro do Hospital Municipal de Alex\u00e2nia\/GO. Tr\u00eas dias depois, por conta das dores no local, foi ao Hospital Regional de Taguatinga (HRT),&nbsp;onde realizou exames e recebeu indica\u00e7\u00e3o para tomar vacina de dupla tet\u00e2nica e antirr\u00e1bica. Defende que h\u00e1 rela\u00e7\u00e3o entre o dano e a culpa do r\u00e9u. Pede para ser indenizada pelos danos morais e est\u00e9ticos.&nbsp;<\/p>\n\n\n\n<p>O r\u00e9u, em sua defesa, afirma que&nbsp;a&nbsp;mordida ocorreu por conta da atitude da autora com o cachorro. Diz que pediu para que ela&nbsp;parasse de apertar e sufocar o animal. Informa que o animal tem nove anos de idade, \u00e9 d\u00f3cil e convive com crian\u00e7as e idosos sem qualquer tipo de ocorr\u00eancia. Alega que houve culpa exclusiva da v\u00edtima e que n\u00e3o h\u00e1 dano a ser indenizado.&nbsp;<\/p>\n\n\n\n<p>Decis\u00e3o do 2\u00ba JEC de Taguatinga observou que,&nbsp;embora o animal tenha&nbsp;hist\u00f3rico comportamental d\u00f3cil, &#8220;o fato \u00e9 que ele efetivamente mordeu a autora e, nos autos,&nbsp;n\u00e3o h\u00e1 qualquer elemento de prova que indique ter sido a culpa exclusiva da v\u00edtima&nbsp;ou que o evento danoso tenha acontecido em virtude de algum fato que poderia configurar for\u00e7a maior&#8221;.<\/p>\n\n\n\n<p>O julgador concluiu que houve &#8220;des\u00eddia do r\u00e9u quanto ao dever de guarda e vigil\u00e2ncia&nbsp;do animal de sua propriedade&#8221; e o condenou a pagar&nbsp;a quantia de R$ 3.500 a t\u00edtulo de danos morais. A autora recorreu&nbsp;pedindo ao aumento do valor fixado al\u00e9m de indeniza\u00e7\u00e3o por danos morais.&nbsp;<\/p>\n\n\n\n<p>Ao analisar o recurso, a turma explicou que &#8220;o&nbsp;sofrimento experimentado pela autora&nbsp;diante das&nbsp;sensa\u00e7\u00f5es de perigo, inseguran\u00e7a e pelos ferimentos&nbsp;ocasionados pelo animal do r\u00e9u em sua face&#8221; configura dano moral. No caso, o colegiado ponderou que &#8220;n\u00e3o h\u00e1 not\u00edcia de gravidade do fato que justifique a altera\u00e7\u00e3o da condena\u00e7\u00e3o&#8221;.&nbsp;<\/p>\n\n\n\n<p>Quanto ao dano est\u00e9tico, o colegiado explicou que n\u00e3o \u00e9 cab\u00edvel. &#8220;As fotografias juntadas ao processo (\u2026) demonstram o ferimento sofrido pela autora em fase de cicatriza\u00e7\u00e3o e&nbsp;n\u00e3o h\u00e1 comprova\u00e7\u00e3o de que as les\u00f5es causadas pelo animal tenham ocasionado danos f\u00edsicos duradouros ou permanentes&nbsp;nem deformidade, o que se mostra indispens\u00e1vel para a caracteriza\u00e7\u00e3o do dano est\u00e9tico&#8221;, registrou.&nbsp;&nbsp;<\/p>\n\n\n\n<p>Dessa forma, a turma manteve a senten\u00e7a que condenou o dono do animal a pagar a autora a quantia de&nbsp;R$ 3.500 a t\u00edtulo de danos morais.<\/p>\n\n\n\n<p>Processo: 0700777-82.2022.8.07.0007<br>Leia o ac\u00f3rd\u00e3o.<\/p>\n\n\n\n<p><a href=\"https:\/\/www.migalhas.com.br\/quentes\/373172\/tj-df-dono-de-cachorro-indenizara-mulher-que-foi-mordida-no-rosto\">https:\/\/www.migalhas.com.br\/quentes\/373172\/tj-df-dono-de-cachorro-indenizara-mulher-que-foi-mordida-no-rosto<\/a><\/p>\n","protected":false},"excerpt":{"rendered":"<p>A 1\u00aa turma recursal dos Juizados Especiais do DF manteve senten\u00e7a que condenou o dono de um golden retriever a indenizar uma mulher que teve ferimentos na orelha ap\u00f3s ser atacada pelo cachorro. O colegiado lembrou que&nbsp;o&nbsp;detentor da guarda responde pelos danos causados pelo animal,&nbsp;quando n\u00e3o comprovar que houve culpa da v\u00edtima ou for\u00e7a maior.&nbsp;&nbsp; &hellip;<\/p>\n","protected":false},"author":1,"featured_media":675,"comment_status":"open","ping_status":"open","sticky":false,"template":"","format":"standard","meta":{"_jetpack_memberships_contains_paid_content":false,"footnotes":"","jetpack_publicize_message":"","jetpack_publicize_feature_enabled":true,"jetpack_social_post_already_shared":false,"jetpack_social_options":{"image_generator_settings":{"template":"highway","default_image_id":0,"enabled":false},"version":2}},"categories":[3],"tags":[],"class_list":["post-674","post","type-post","status-publish","format-standard","has-post-thumbnail","hentry","category-policial"],"jetpack_publicize_connections":[],"jetpack_featured_media_url":"https:\/\/i0.wp.com\/www.paparazzinews.com.br\/wp-content\/uploads\/2022\/09\/https__img.migalhas.com_.br__SL__gf_base__SL__empresas__SL__MIGA__SL__imagens__SL__2022__SL__09__SL__12__SL__25160800-2821-40ce-ab8e-736a85d89841.jpg._PROC_CP65.jpg?fit=880%2C477&ssl=1","views":"3296","jetpack_likes_enabled":true,"jetpack_sharing_enabled":true,"_links":{"self":[{"href":"https:\/\/www.paparazzinews.com.br\/index.php?rest_route=\/wp\/v2\/posts\/674","targetHints":{"allow":["GET"]}}],"collection":[{"href":"https:\/\/www.paparazzinews.com.br\/index.php?rest_route=\/wp\/v2\/posts"}],"about":[{"href":"https:\/\/www.paparazzinews.com.br\/index.php?rest_route=\/wp\/v2\/types\/post"}],"author":[{"embeddable":true,"href":"https:\/\/www.paparazzinews.com.br\/index.php?rest_route=\/wp\/v2\/users\/1"}],"replies":[{"embeddable":true,"href":"https:\/\/www.paparazzinews.com.br\/index.php?rest_route=%2Fwp%2Fv2%2Fcomments&post=674"}],"version-history":[{"count":1,"href":"https:\/\/www.paparazzinews.com.br\/index.php?rest_route=\/wp\/v2\/posts\/674\/revisions"}],"predecessor-version":[{"id":676,"href":"https:\/\/www.paparazzinews.com.br\/index.php?rest_route=\/wp\/v2\/posts\/674\/revisions\/676"}],"wp:featuredmedia":[{"embeddable":true,"href":"https:\/\/www.paparazzinews.com.br\/index.php?rest_route=\/wp\/v2\/media\/675"}],"wp:attachment":[{"href":"https:\/\/www.paparazzinews.com.br\/index.php?rest_route=%2Fwp%2Fv2%2Fmedia&parent=674"}],"wp:term":[{"taxonomy":"category","embeddable":true,"href":"https:\/\/www.paparazzinews.com.br\/index.php?rest_route=%2Fwp%2Fv2%2Fcategories&post=674"},{"taxonomy":"post_tag","embeddable":true,"href":"https:\/\/www.paparazzinews.com.br\/index.php?rest_route=%2Fwp%2Fv2%2Ftags&post=674"}],"curies":[{"name":"wp","href":"https:\/\/api.w.org\/{rel}","templated":true}]}}