{"id":6737,"date":"2023-10-31T13:47:07","date_gmt":"2023-10-31T16:47:07","guid":{"rendered":"https:\/\/www.paparazzinews.com.br\/?p=6737"},"modified":"2023-10-31T13:47:08","modified_gmt":"2023-10-31T16:47:08","slug":"prf-inicia-operacao-finados-nas-rodovias","status":"publish","type":"post","link":"https:\/\/www.paparazzinews.com.br\/?p=6737","title":{"rendered":"PRF inicia Opera\u00e7\u00e3o Finados nas rodovias"},"content":{"rendered":"\n<p>Pol\u00edcia Rodovi\u00e1ria Federal (PRF) inicia, na quarta-feira (1), a Opera\u00e7\u00e3o Finados nas rodovias federais do territ\u00f3rio nacional. At\u00e9 as 23h59 de domingo (5), o efetivo estar\u00e1 mobilizado nos locais de maior incid\u00eancia de acidentalidade, para garantir a fluidez do tr\u00e2nsito e levar mais seguran\u00e7a a quem vai viajar nesse per\u00edodo.&nbsp;<\/p>\n\n\n\n<p>O feriado de Finados, celebrado em 2 de novembro, historicamente gera um aumento na movimenta\u00e7\u00e3o de ve\u00edculos e passageiros nas rodovias federais, o que exige um refor\u00e7o nas a\u00e7\u00f5es de fiscaliza\u00e7\u00e3o e enfrentamento ao crime. A iniciativa integra o calend\u00e1rio nacional de opera\u00e7\u00f5es da PRF, que est\u00e1 alinhado \u00e0 meta de redu\u00e7\u00e3o de mortes no tr\u00e2nsito em todo o pa\u00eds.<\/p>\n\n\n\n<p>Para o Diretor de Opera\u00e7\u00f5es da PRF, Marcos Vin\u00edcius, o planejamento \u00e9 importante, mas para que a seguran\u00e7a vi\u00e1ria seja garantida, \u00e9 preciso contar com o apoio dos condutores. \u201cPara enfrentar o excesso de velocidade e a embriaguez ao volante, nossos policiais v\u00e3o utilizar radares e baf\u00f4metros, bem como refor\u00e7ar a fiscaliza\u00e7\u00e3o em pontos cr\u00edticos para prevenir colis\u00f5es frontais, causadas principalmente por ultrapassagens indevidas. Contamos com a ajuda da sociedade e dos motoristas para reduzir a viol\u00eancia no tr\u00e2nsito\u201d, ressaltou.<\/p>\n\n\n\n<p>Al\u00e9m de verificar nas abordagens dispositivos b\u00e1sicos de seguran\u00e7a, como o cinto de seguran\u00e7a, cadeirinha e capacete, a PRF vai atuar em pontos estrat\u00e9gicos das rodovias para coibir infra\u00e7\u00f5es graves. \u201cEsperamos que os motoristas tenham a consci\u00eancia que n\u00e3o podem exceder a velocidade da via e que a mistura de \u00e1lcool e dire\u00e7\u00e3o n\u00e3o combinam. Muitas pessoas acabam ingerindo bebida alco\u00f3lica e se sentem em condi\u00e7\u00f5es de dirigir, mas j\u00e1 est\u00e1 mais do que provado que aumenta muito a letalidade nas rodovias\u201d, destacou Marcos Vin\u00edcius.&nbsp;<\/p>\n\n\n\n<p><strong>Alguns cuidados s\u00e3o indispens\u00e1veis para quem vai viajar nesse per\u00edodo:<\/strong><\/p>\n\n\n\n<p>&#8211; Inicialmente, o motorista deve fazer uma revis\u00e3o nos principais itens relacionados \u00e0 seguran\u00e7a do ve\u00edculo. Pneus, freios, luzes, \u00f3leo e combust\u00edvel devem ser verificados.<\/p>\n\n\n\n<p>&#8211; Descansar bem antes de assumir a dire\u00e7\u00e3o do ve\u00edculo. O sono pode ser t\u00e3o prejudicial quanto o consumo de bebida alco\u00f3lica.<\/p>\n\n\n\n<p>&#8211; Consultar a validade da documenta\u00e7\u00e3o pessoal e do ve\u00edculo. Desde outubro, alguns estados come\u00e7aram a cobrar o licenciamento 2023.<\/p>\n\n\n\n<p>&#8211; Todos os ocupantes do ve\u00edculo devem utilizar o cinto de seguran\u00e7a. As crian\u00e7as precisam ser transportadas no dispositivo adequado ao peso e idade de cada uma (beb\u00ea-conforto, cadeirinha ou assento de eleva\u00e7\u00e3o).<\/p>\n\n\n\n<p>&#8211; Condutores de motocicletas devem ter um cuidado ainda maior nas rodovias. Utilizar capacete com viseira e bem afixado \u00e0 cabe\u00e7a, roupas que ajudem na prote\u00e7\u00e3o em caso de queda e cal\u00e7ados fechados.<\/p>\n\n\n\n<p>&#8211; Obedecer a sinaliza\u00e7\u00e3o e as normas de tr\u00e2nsito \u00e9 indispens\u00e1vel para uma viagem segura. Respeitar os limites de velocidade, s\u00f3 ultrapassar em locais permitidos e com seguran\u00e7a, al\u00e9m de jamais misturar bebida alco\u00f3lica e dire\u00e7\u00e3o.<\/p>\n\n\n\n<p>Para informa\u00e7\u00f5es, den\u00fancias, comunica\u00e7\u00e3o de crimes e acidentes a PRF disp\u00f5e do n\u00famero de emerg\u00eancia 191.<\/p>\n\n\n\n<p><strong><em><strong><em><strong>Participe da comunidade do Canal Roni Paparazzi no Whatsapp e receba as principais not\u00edcias do dia direto no seu celular.<\/strong>\u00a0<a rel=\"noreferrer noopener\" href=\"https:\/\/chat.whatsapp.com\/GsG1XKo0jPOEfjzudWQcml\" target=\"_blank\">\u00a0Clique aqui e se inscreva.<\/a><\/em><\/strong><\/em><\/strong><\/p>\n","protected":false},"excerpt":{"rendered":"<p>Pol\u00edcia Rodovi\u00e1ria Federal (PRF) inicia, na quarta-feira (1), a Opera\u00e7\u00e3o Finados nas rodovias federais do territ\u00f3rio nacional. At\u00e9 as 23h59 de domingo (5), o efetivo estar\u00e1 mobilizado nos locais de maior incid\u00eancia de acidentalidade, para garantir a fluidez do tr\u00e2nsito e levar mais seguran\u00e7a a quem vai viajar nesse per\u00edodo.&nbsp; O feriado de Finados, celebrado &hellip;<\/p>\n","protected":false},"author":1,"featured_media":6738,"comment_status":"open","ping_status":"open","sticky":false,"template":"","format":"standard","meta":{"_jetpack_memberships_contains_paid_content":false,"footnotes":"","jetpack_publicize_message":"","jetpack_publicize_feature_enabled":true,"jetpack_social_post_already_shared":false,"jetpack_social_options":{"image_generator_settings":{"template":"highway","default_image_id":0,"enabled":false},"version":2}},"categories":[3],"tags":[],"class_list":["post-6737","post","type-post","status-publish","format-standard","has-post-thumbnail","hentry","category-policial"],"jetpack_publicize_connections":[],"jetpack_featured_media_url":"https:\/\/i0.wp.com\/www.paparazzinews.com.br\/wp-content\/uploads\/2023\/10\/f0e9bcdc-07a0-4b0f-8cfb-f6e8650afc96.jpeg?fit=768%2C432&ssl=1","views":"3594","jetpack_likes_enabled":true,"jetpack_sharing_enabled":true,"_links":{"self":[{"href":"https:\/\/www.paparazzinews.com.br\/index.php?rest_route=\/wp\/v2\/posts\/6737","targetHints":{"allow":["GET"]}}],"collection":[{"href":"https:\/\/www.paparazzinews.com.br\/index.php?rest_route=\/wp\/v2\/posts"}],"about":[{"href":"https:\/\/www.paparazzinews.com.br\/index.php?rest_route=\/wp\/v2\/types\/post"}],"author":[{"embeddable":true,"href":"https:\/\/www.paparazzinews.com.br\/index.php?rest_route=\/wp\/v2\/users\/1"}],"replies":[{"embeddable":true,"href":"https:\/\/www.paparazzinews.com.br\/index.php?rest_route=%2Fwp%2Fv2%2Fcomments&post=6737"}],"version-history":[{"count":1,"href":"https:\/\/www.paparazzinews.com.br\/index.php?rest_route=\/wp\/v2\/posts\/6737\/revisions"}],"predecessor-version":[{"id":6739,"href":"https:\/\/www.paparazzinews.com.br\/index.php?rest_route=\/wp\/v2\/posts\/6737\/revisions\/6739"}],"wp:featuredmedia":[{"embeddable":true,"href":"https:\/\/www.paparazzinews.com.br\/index.php?rest_route=\/wp\/v2\/media\/6738"}],"wp:attachment":[{"href":"https:\/\/www.paparazzinews.com.br\/index.php?rest_route=%2Fwp%2Fv2%2Fmedia&parent=6737"}],"wp:term":[{"taxonomy":"category","embeddable":true,"href":"https:\/\/www.paparazzinews.com.br\/index.php?rest_route=%2Fwp%2Fv2%2Fcategories&post=6737"},{"taxonomy":"post_tag","embeddable":true,"href":"https:\/\/www.paparazzinews.com.br\/index.php?rest_route=%2Fwp%2Fv2%2Ftags&post=6737"}],"curies":[{"name":"wp","href":"https:\/\/api.w.org\/{rel}","templated":true}]}}