{"id":6728,"date":"2023-10-31T13:13:08","date_gmt":"2023-10-31T16:13:08","guid":{"rendered":"https:\/\/www.paparazzinews.com.br\/?p=6728"},"modified":"2023-10-31T13:13:09","modified_gmt":"2023-10-31T16:13:09","slug":"tarcisio-diz-que-nao-vai-ampliar-numero-de-cameras-corporais-da-policia","status":"publish","type":"post","link":"https:\/\/www.paparazzinews.com.br\/?p=6728","title":{"rendered":"Tarc\u00edsio diz que n\u00e3o vai ampliar n\u00famero de c\u00e2meras corporais da pol\u00edcia"},"content":{"rendered":"\n<p>O governador de S\u00e3o Paulo, Tarc\u00edsio de Freitas (Republicanos), declarou nesta segunda-feira, 30, que n\u00e3o pretende adquirir novas c\u00e2meras corporais para a pol\u00edcia paulista neste ano nem no pr\u00f3ximo. Ele disse que a gest\u00e3o estadual possui &#8220;v\u00e1rias demandas&#8221; e que pretende priorizar &#8220;aquilo que realmente vai proporcionar ganho para o cidad\u00e3o&#8221; ao comentar direcionamentos para o or\u00e7amento. A informa\u00e7\u00e3o \u00e9 do Estad\u00e3o Conte\u00fado.<\/p>\n\n\n\n<p>&#8220;N\u00f3s n\u00e3o vamos ampliar as c\u00e2meras este ano&#8221;, afirmou Tarc\u00edsio durante a inaugura\u00e7\u00e3o do Ambulat\u00f3rio M\u00e9dico de Especialidade (AME) com aten\u00e7\u00e3o exclusiva \u00e0 sa\u00fade feminina, no Belenzinho (zona leste de S\u00e3o Paulo).<\/p>\n\n\n\n<p>&#8220;N\u00f3s temos v\u00e1rias demandas, demandas do Dejem, aumentar a presen\u00e7a de policiais nas ruas, o policiamento ostensivo, aquilo que a gente entende que realmente vai proporcionar ganho para o cidad\u00e3o. Eu estou focando, no final das contas, a seguran\u00e7a p\u00fablica voltada para o cidad\u00e3o&#8221;, afirmou o governador. Dejem \u00e9 a sigla que indica a Di\u00e1ria Especial por Jornada Extraordin\u00e1ria de Trabalho Policial Militar, remunera\u00e7\u00e3o paga aos policiais por trabalhar durante a folga.<\/p>\n\n\n\n<p>Ao falar sobre o or\u00e7amento do governo para o pr\u00f3ximo ano, ele reafirmou que n\u00e3o deve haver aquisi\u00e7\u00e3o de novas c\u00e2meras. &#8220;O texto que eu enviei mant\u00e9m todas as c\u00e2meras que est\u00e3o l\u00e1, n\u00e3o prev\u00ea a amplia\u00e7\u00e3o. Porque tem outras prioridades no momento. Como o or\u00e7amento \u00e9 finito e n\u00f3s tivemos neste ano uma frustra\u00e7\u00e3o de receita importante, n\u00f3s temos que fazer investimentos em outras \u00e1reas&#8221;, apontou.<\/p>\n\n\n\n<p>&#8220;Aquilo que est\u00e1 contratado vai permanecer. A partir do momento em que a gente tiver uma folga no or\u00e7amento, a gente pode fazer esse investimento e ampliar. No momento existem outras prioridades para a aplica\u00e7\u00e3o dos recursos&#8221;, acrescentou o governador.<\/p>\n\n\n\n<p><strong><em><strong><em><strong>Participe da comunidade do Canal Roni Paparazzi no Whatsapp e receba as principais not\u00edcias do dia direto no seu celular.<\/strong>\u00a0<a rel=\"noreferrer noopener\" href=\"https:\/\/chat.whatsapp.com\/GsG1XKo0jPOEfjzudWQcml\" target=\"_blank\">\u00a0Clique aqui e se inscreva.<\/a><\/em><\/strong><\/em><\/strong><\/p>\n","protected":false},"excerpt":{"rendered":"<p>O governador de S\u00e3o Paulo, Tarc\u00edsio de Freitas (Republicanos), declarou nesta segunda-feira, 30, que n\u00e3o pretende adquirir novas c\u00e2meras corporais para a pol\u00edcia paulista neste ano nem no pr\u00f3ximo. Ele disse que a gest\u00e3o estadual possui &#8220;v\u00e1rias demandas&#8221; e que pretende priorizar &#8220;aquilo que realmente vai proporcionar ganho para o cidad\u00e3o&#8221; ao comentar direcionamentos para &hellip;<\/p>\n","protected":false},"author":1,"featured_media":6729,"comment_status":"open","ping_status":"open","sticky":false,"template":"","format":"standard","meta":{"_jetpack_memberships_contains_paid_content":false,"footnotes":"","jetpack_publicize_message":"","jetpack_publicize_feature_enabled":true,"jetpack_social_post_already_shared":false,"jetpack_social_options":{"image_generator_settings":{"template":"highway","default_image_id":0,"enabled":false},"version":2}},"categories":[3],"tags":[],"class_list":["post-6728","post","type-post","status-publish","format-standard","has-post-thumbnail","hentry","category-policial"],"jetpack_publicize_connections":[],"jetpack_featured_media_url":"https:\/\/i0.wp.com\/www.paparazzinews.com.br\/wp-content\/uploads\/2023\/10\/tarcisio-diz-que-nao-vai-ampliar-numero-de-cameras-corporais-da-policia-em-sao-paulo-311023_095435.jpg?fit=1024%2C651&ssl=1","views":"5149","jetpack_likes_enabled":true,"jetpack_sharing_enabled":true,"_links":{"self":[{"href":"https:\/\/www.paparazzinews.com.br\/index.php?rest_route=\/wp\/v2\/posts\/6728","targetHints":{"allow":["GET"]}}],"collection":[{"href":"https:\/\/www.paparazzinews.com.br\/index.php?rest_route=\/wp\/v2\/posts"}],"about":[{"href":"https:\/\/www.paparazzinews.com.br\/index.php?rest_route=\/wp\/v2\/types\/post"}],"author":[{"embeddable":true,"href":"https:\/\/www.paparazzinews.com.br\/index.php?rest_route=\/wp\/v2\/users\/1"}],"replies":[{"embeddable":true,"href":"https:\/\/www.paparazzinews.com.br\/index.php?rest_route=%2Fwp%2Fv2%2Fcomments&post=6728"}],"version-history":[{"count":1,"href":"https:\/\/www.paparazzinews.com.br\/index.php?rest_route=\/wp\/v2\/posts\/6728\/revisions"}],"predecessor-version":[{"id":6730,"href":"https:\/\/www.paparazzinews.com.br\/index.php?rest_route=\/wp\/v2\/posts\/6728\/revisions\/6730"}],"wp:featuredmedia":[{"embeddable":true,"href":"https:\/\/www.paparazzinews.com.br\/index.php?rest_route=\/wp\/v2\/media\/6729"}],"wp:attachment":[{"href":"https:\/\/www.paparazzinews.com.br\/index.php?rest_route=%2Fwp%2Fv2%2Fmedia&parent=6728"}],"wp:term":[{"taxonomy":"category","embeddable":true,"href":"https:\/\/www.paparazzinews.com.br\/index.php?rest_route=%2Fwp%2Fv2%2Fcategories&post=6728"},{"taxonomy":"post_tag","embeddable":true,"href":"https:\/\/www.paparazzinews.com.br\/index.php?rest_route=%2Fwp%2Fv2%2Ftags&post=6728"}],"curies":[{"name":"wp","href":"https:\/\/api.w.org\/{rel}","templated":true}]}}