{"id":67,"date":"2022-06-20T17:35:26","date_gmt":"2022-06-20T20:35:26","guid":{"rendered":"https:\/\/www.paparazzinews.com.br\/?p=67"},"modified":"2022-06-20T17:35:28","modified_gmt":"2022-06-20T20:35:28","slug":"bicicleta-e-encontrada-abandonada-em-trilho-de-trem-por-andradina","status":"publish","type":"post","link":"https:\/\/www.paparazzinews.com.br\/?p=67","title":{"rendered":"Bicicleta \u00e9 encontrada abandonada em trilho de trem por Andradina"},"content":{"rendered":"\n<p>Uma bicicleta aro 29, 21 marchas de cor preta com adesivos na cor amarela Track, foi apreendida pela For\u00e7a T\u00e1tica da Pol\u00edcia Militar nesta segunda-feira (20) em Andradina (SP).<\/p>\n\n\n\n<p>Foi durante o patrulhamento dos policiais que chegou \u00e0 den\u00fancia, que na margem da linha f\u00e9rrea estava escondida entre os matos abandonada. <\/p>\n\n\n\n<p>No local a equipe policial encontrou o produto. A bicicleta foi conduzida para o 1\u00ba DP da Pol\u00edcia Civil, onde est\u00e1 para reconhecimento.<\/p>\n","protected":false},"excerpt":{"rendered":"<p>Uma bicicleta aro 29, 21 marchas de cor preta com adesivos na cor amarela Track, foi apreendida pela For\u00e7a T\u00e1tica da Pol\u00edcia Militar nesta segunda-feira (20) em Andradina (SP). Foi durante o patrulhamento dos policiais que chegou \u00e0 den\u00fancia, que na margem da linha f\u00e9rrea estava escondida entre os matos abandonada. No local a equipe &hellip;<\/p>\n","protected":false},"author":1,"featured_media":68,"comment_status":"open","ping_status":"open","sticky":false,"template":"","format":"standard","meta":{"_jetpack_memberships_contains_paid_content":false,"footnotes":"","jetpack_publicize_message":"","jetpack_publicize_feature_enabled":true,"jetpack_social_post_already_shared":false,"jetpack_social_options":{"image_generator_settings":{"template":"highway","default_image_id":0,"enabled":false},"version":2}},"categories":[3],"tags":[],"class_list":["post-67","post","type-post","status-publish","format-standard","has-post-thumbnail","hentry","category-policial"],"jetpack_publicize_connections":[],"jetpack_featured_media_url":"https:\/\/i0.wp.com\/www.paparazzinews.com.br\/wp-content\/uploads\/2022\/06\/76d61c8e-b7d5-4960-93ba-6dd308708073.jpg?fit=1280%2C720&ssl=1","views":"3802","jetpack_likes_enabled":true,"jetpack_sharing_enabled":true,"_links":{"self":[{"href":"https:\/\/www.paparazzinews.com.br\/index.php?rest_route=\/wp\/v2\/posts\/67","targetHints":{"allow":["GET"]}}],"collection":[{"href":"https:\/\/www.paparazzinews.com.br\/index.php?rest_route=\/wp\/v2\/posts"}],"about":[{"href":"https:\/\/www.paparazzinews.com.br\/index.php?rest_route=\/wp\/v2\/types\/post"}],"author":[{"embeddable":true,"href":"https:\/\/www.paparazzinews.com.br\/index.php?rest_route=\/wp\/v2\/users\/1"}],"replies":[{"embeddable":true,"href":"https:\/\/www.paparazzinews.com.br\/index.php?rest_route=%2Fwp%2Fv2%2Fcomments&post=67"}],"version-history":[{"count":1,"href":"https:\/\/www.paparazzinews.com.br\/index.php?rest_route=\/wp\/v2\/posts\/67\/revisions"}],"predecessor-version":[{"id":69,"href":"https:\/\/www.paparazzinews.com.br\/index.php?rest_route=\/wp\/v2\/posts\/67\/revisions\/69"}],"wp:featuredmedia":[{"embeddable":true,"href":"https:\/\/www.paparazzinews.com.br\/index.php?rest_route=\/wp\/v2\/media\/68"}],"wp:attachment":[{"href":"https:\/\/www.paparazzinews.com.br\/index.php?rest_route=%2Fwp%2Fv2%2Fmedia&parent=67"}],"wp:term":[{"taxonomy":"category","embeddable":true,"href":"https:\/\/www.paparazzinews.com.br\/index.php?rest_route=%2Fwp%2Fv2%2Fcategories&post=67"},{"taxonomy":"post_tag","embeddable":true,"href":"https:\/\/www.paparazzinews.com.br\/index.php?rest_route=%2Fwp%2Fv2%2Ftags&post=67"}],"curies":[{"name":"wp","href":"https:\/\/api.w.org\/{rel}","templated":true}]}}