{"id":6560,"date":"2023-10-20T15:10:37","date_gmt":"2023-10-20T18:10:37","guid":{"rendered":"https:\/\/www.paparazzinews.com.br\/?p=6560"},"modified":"2023-10-20T15:11:15","modified_gmt":"2023-10-20T18:11:15","slug":"2-homens-que-mataram-prefeito-pegam-30-de-cadeia","status":"publish","type":"post","link":"https:\/\/www.paparazzinews.com.br\/?p=6560","title":{"rendered":"2 homens que mataram prefeito pegam mais de 30 anos de cadeia"},"content":{"rendered":"\n<p>Em j\u00fari realizado na Comarca de Ribeir\u00e3o Bonito,\u00a0conclu\u00eddo nesta quarta-feira (18), dois\u00a0homens\u00a0foram condenados\u00a0pelo\u00a0homic\u00eddio\u00a0do\u00a0prefeito\u00a0Francisco\u00a0Campaner\u00a0e\u00a0pela\u00a0tentativa de homic\u00eddio contra dois servidores.\u00a0As penas foram fixadas em 30 anos, oito meses e 24 dias de reclus\u00e3o, em regime inicial fechado.<\/p>\n\n\n\n<p>Consta nos autos que\u00a0um dos r\u00e9us \u00e9 empres\u00e1rio,\u00a0respons\u00e1vel por\u00a0diversas linhas\u00a0de transporte de\u00a0alunos da zona rural \u00e0s escolas da rede p\u00fablica.\u00a0Ap\u00f3s o ent\u00e3o prefeito assumir o cargo, o acusado perdeu a concess\u00e3o da maior parte das linhas e\u00a0passou a\u00a0amea\u00e7\u00e1-lo\u00a0publicamente.\u00a0Na data do\u00a0crime,\u00a0os r\u00e9us\u00a0simularam um assalto e dispararam contra o carro onde estavam o prefeito, que\u00a0morreu no local,\u00a0e os\u00a0dois\u00a0servidores, que\u00a0sobreviveram ao atentado.\u00a0<\/p>\n\n\n\n<p>Ap\u00f3s vota\u00e7\u00e3o, o\u00a0Conselho de Senten\u00e7a considerou os r\u00e9us culpados pelos crimes de homic\u00eddio\u00a0qualificado\u00a0(consumado e tentado). \u201cReconheceu o Colendo Conselho de Senten\u00e7a que os r\u00e9us praticaram tr\u00eas crimes de homic\u00eddio qualificados pelo motivo torpe\/promessa de recompensa e pelo recurso que dificultou a defesa das v\u00edtimas, al\u00e9m da qualificadora consistente em assegurar a impunidade de outro crime, um na forma consumada e outros dois na forma tentada\u201d, afirmou\u00a0o juiz Victor Trevizan\u00a0Cove\u00a0na senten\u00e7a.<\/p>\n\n\n\n<p>Na dosimetria da pena,\u00a0o magistrado\u00a0frisou que \u201ca culpabilidade \u00e9 agravada em raz\u00e3o de os r\u00e9us terem, por v\u00e1rias vezes, tentado encontrar e matar o prefeito em outras oportunidades, somente n\u00e3o consumando por circunst\u00e2ncias f\u00e1ticas alheias \u00e0 vontade dos agentes\u201d.<br>Os\u00a0r\u00e9us\u00a0n\u00e3o poder\u00e3o apelar em liberdade.<\/p>\n\n\n\n<p>Processo n\u00ba&nbsp;<a href=\"https:\/\/esaj.tjsp.jus.br\/cpopg\/show.do?processo.codigo=FF00001B80000&amp;processo.foro=498&amp;conversationId=&amp;cbPesquisa=NMPARTE&amp;dadosConsulta.valorConsulta=manuel+bento&amp;cdForo=498&amp;paginaConsulta=1\" target=\"_blank\" rel=\"noreferrer noopener\">1500330-43.2019.8.26.0555<\/a>&nbsp;<\/p>\n\n\n\n<p><strong><em><strong><em><strong>Participe da comunidade do Canal Roni Paparazzi no Whatsapp e receba as principais not\u00edcias do dia direto no seu celular.<\/strong>\u00a0<a rel=\"noreferrer noopener\" href=\"https:\/\/chat.whatsapp.com\/GsG1XKo0jPOEfjzudWQcml\" target=\"_blank\">\u00a0Clique aqui e se inscreva.<\/a><\/em><\/strong><\/em><\/strong><\/p>\n","protected":false},"excerpt":{"rendered":"<p>Em j\u00fari realizado na Comarca de Ribeir\u00e3o Bonito,\u00a0conclu\u00eddo nesta quarta-feira (18), dois\u00a0homens\u00a0foram condenados\u00a0pelo\u00a0homic\u00eddio\u00a0do\u00a0prefeito\u00a0Francisco\u00a0Campaner\u00a0e\u00a0pela\u00a0tentativa de homic\u00eddio contra dois servidores.\u00a0As penas foram fixadas em 30 anos, oito meses e 24 dias de reclus\u00e3o, em regime inicial fechado. Consta nos autos que\u00a0um dos r\u00e9us \u00e9 empres\u00e1rio,\u00a0respons\u00e1vel por\u00a0diversas linhas\u00a0de transporte de\u00a0alunos da zona rural \u00e0s escolas da rede p\u00fablica.\u00a0Ap\u00f3s &hellip;<\/p>\n","protected":false},"author":1,"featured_media":6561,"comment_status":"open","ping_status":"open","sticky":false,"template":"","format":"standard","meta":{"_jetpack_memberships_contains_paid_content":false,"footnotes":"","jetpack_publicize_message":"","jetpack_publicize_feature_enabled":true,"jetpack_social_post_already_shared":false,"jetpack_social_options":{"image_generator_settings":{"template":"highway","default_image_id":0,"enabled":false},"version":2}},"categories":[3],"tags":[],"class_list":["post-6560","post","type-post","status-publish","format-standard","has-post-thumbnail","hentry","category-policial"],"jetpack_publicize_connections":[],"jetpack_featured_media_url":"https:\/\/i0.wp.com\/www.paparazzinews.com.br\/wp-content\/uploads\/2023\/10\/Imagem-1.jpg?fit=562%2C375&ssl=1","views":"5686","jetpack_likes_enabled":true,"jetpack_sharing_enabled":true,"_links":{"self":[{"href":"https:\/\/www.paparazzinews.com.br\/index.php?rest_route=\/wp\/v2\/posts\/6560","targetHints":{"allow":["GET"]}}],"collection":[{"href":"https:\/\/www.paparazzinews.com.br\/index.php?rest_route=\/wp\/v2\/posts"}],"about":[{"href":"https:\/\/www.paparazzinews.com.br\/index.php?rest_route=\/wp\/v2\/types\/post"}],"author":[{"embeddable":true,"href":"https:\/\/www.paparazzinews.com.br\/index.php?rest_route=\/wp\/v2\/users\/1"}],"replies":[{"embeddable":true,"href":"https:\/\/www.paparazzinews.com.br\/index.php?rest_route=%2Fwp%2Fv2%2Fcomments&post=6560"}],"version-history":[{"count":2,"href":"https:\/\/www.paparazzinews.com.br\/index.php?rest_route=\/wp\/v2\/posts\/6560\/revisions"}],"predecessor-version":[{"id":6563,"href":"https:\/\/www.paparazzinews.com.br\/index.php?rest_route=\/wp\/v2\/posts\/6560\/revisions\/6563"}],"wp:featuredmedia":[{"embeddable":true,"href":"https:\/\/www.paparazzinews.com.br\/index.php?rest_route=\/wp\/v2\/media\/6561"}],"wp:attachment":[{"href":"https:\/\/www.paparazzinews.com.br\/index.php?rest_route=%2Fwp%2Fv2%2Fmedia&parent=6560"}],"wp:term":[{"taxonomy":"category","embeddable":true,"href":"https:\/\/www.paparazzinews.com.br\/index.php?rest_route=%2Fwp%2Fv2%2Fcategories&post=6560"},{"taxonomy":"post_tag","embeddable":true,"href":"https:\/\/www.paparazzinews.com.br\/index.php?rest_route=%2Fwp%2Fv2%2Ftags&post=6560"}],"curies":[{"name":"wp","href":"https:\/\/api.w.org\/{rel}","templated":true}]}}